{"id":4900,"date":"2025-07-18T08:00:06","date_gmt":"2025-07-18T06:00:06","guid":{"rendered":"https:\/\/waresito.com\/fr\/?p=4900"},"modified":"2025-12-17T11:03:10","modified_gmt":"2025-12-17T10:03:10","slug":"prix-stockage-palettes","status":"publish","type":"post","link":"https:\/\/waresito.com\/fr\/blog\/prix-stockage-palettes\/","title":{"rendered":"Quel est le prix du stockage de palettes ?"},"content":{"rendered":"<h2><b>Quels sont les facteurs qui influencent le prix du stockage de palettes ?\u00a0<\/b><\/h2>\n<p><span style=\"font-weight: 400\">Le <strong>co\u00fbt de stockage de palettes<\/strong> n\u2019est pas fixe. Il varie selon plusieurs facteurs :\u00a0<\/span><\/p>\n<h3><b>Le type de palettes stock\u00e9es<\/b><\/h3>\n<p><span style=\"font-weight: 400\">Le prix peut diff\u00e9rer selon le<\/span> <a href=\"https:\/\/waresito.com\/fr\/blog\/quels-sont-les-differents-types-de-palettes\/\"><span style=\"font-weight: 400\">type de palettes<\/span><\/a><span style=\"font-weight: 400\">, qu\u2019il s\u2019agit de mod\u00e8les standards (type Europe 80 x 120 cm), de mod\u00e8les hors format ou encore de palettes lourdes ou contenant de mati\u00e8res sensibles.<\/span><\/p>\n<p><span style=\"font-weight: 400\">Les palettes volumineuses ou sp\u00e9cifiques peuvent engendrer un co\u00fbt plus \u00e9lev\u00e9, car elles occupent plus d\u2019espace ou demandent des pr\u00e9cautions particuli\u00e8res.<\/span><\/p>\n<h3><b>La dur\u00e9e de stockage\u00a0<\/b><\/h3>\n<p><span style=\"font-weight: 400\">Le prix est souvent exprim\u00e9 en euros par palette et par mois. Plus la dur\u00e9e est longue, plus le tarif unitaire peut \u00eatre n\u00e9goci\u00e9 \u00e0 la baisse. \u00c0 l\u2019inverse, un stockage de courte dur\u00e9e ou ponctuel peut entra\u00eener des tarifs plus \u00e9lev\u00e9s.<\/span><\/p>\n<h3><b>La nature du stockage\u00a0<\/b><\/h3>\n<p><span style=\"font-weight: 400\">Ici, deux options :\u00a0<\/span><\/p>\n<ul>\n<li><span style=\"font-weight: 400\">Stockage simple : la palette est d\u00e9pos\u00e9e et r\u00e9cup\u00e9r\u00e9e sans autre manipulation.<\/span><\/li>\n<li>Stockage actif ou dynamique : les palettes sont r\u00e9guli\u00e8rement d\u00e9plac\u00e9es, pr\u00e9par\u00e9es ou manipul\u00e9es.<\/li>\n<\/ul>\n<p><span style=\"font-weight: 400\">Cette derni\u00e8re option demande plus de main-d\u2019\u0153uvre et d\u2019\u00e9quipement, ce qui impacte directement le tarif.<\/span><\/p>\n<h3><b>Le niveau de service<\/b><\/h3>\n<p><span style=\"font-weight: 400\">Selon le prestataire choisi, des services compl\u00e9mentaires peuvent \u00eatre associ\u00e9s au service de stockage, comme : la gestion informatis\u00e9e des stocks, l\u2019acc\u00e8s \u00e0 un portail client, la pr\u00e9paration de commande (picking) ou encore l\u2019\u00e9tiquetage ou le reconditionnement.<\/span><\/p>\n<p><span style=\"font-weight: 400\">Ces services peuvent \u00eatre int\u00e9gr\u00e9s ou factur\u00e9s en suppl\u00e9ment.<\/span><\/p>\n<h3><b>La localisation de l\u2019entrep\u00f4t logistique<\/b><\/h3>\n<p><span style=\"font-weight: 400\">Le prix varie selon la zone g\u00e9ographique. En g\u00e9n\u00e9ral, les entrep\u00f4ts situ\u00e9s en zones p\u00e9riurbaines ou rurales sont moins chers que ceux proches des centres-villes ou des grands hubs logistiques.\u00a0<\/span><\/p>\n<p><span style=\"font-weight: 400\">Bon \u00e0 savoir : chez Waresito, nous nous appuyons sur un r\u00e9seau unique de <strong>+ 1500 logisticiens et transporteurs experts<\/strong> op\u00e9rant partout en France. Nous disposons \u00e9galement d\u2019un <strong>r\u00e9seau d\u2019entrep\u00f4ts logistique<\/strong> r\u00e9partis sur tout le territoire pour r\u00e9pondre \u00e0 tous les besoins g\u00e9ographiques des professionnels.\u00a0<\/span><\/p>\n<p>&nbsp;<\/p>\n<p><a href=\"https:\/\/waresito.com\/fr\/contact-info-blog\/\"><img loading=\"lazy\" decoding=\"async\" class=\"alignnone wp-image-4388\" src=\"https:\/\/waresito.com\/fr\/wp-content\/uploads\/sites\/2\/2023\/03\/waresito-logistique-transport-haut-700x350.webp\" alt=\"logistique et transport\" width=\"800\" height=\"400\" srcset=\"https:\/\/waresito.com\/fr\/wp-content\/uploads\/sites\/2\/2023\/03\/waresito-logistique-transport-haut-700x350.webp 700w, https:\/\/waresito.com\/fr\/wp-content\/uploads\/sites\/2\/2023\/03\/waresito-logistique-transport-haut-1000x500.webp 1000w, https:\/\/waresito.com\/fr\/wp-content\/uploads\/sites\/2\/2023\/03\/waresito-logistique-transport-haut-768x384.webp 768w, https:\/\/waresito.com\/fr\/wp-content\/uploads\/sites\/2\/2023\/03\/waresito-logistique-transport-haut-1536x768.webp 1536w, https:\/\/waresito.com\/fr\/wp-content\/uploads\/sites\/2\/2023\/03\/waresito-logistique-transport-haut-2048x1024.webp 2048w, https:\/\/waresito.com\/fr\/wp-content\/uploads\/sites\/2\/2023\/03\/waresito-logistique-transport-haut-350x175.webp 350w, https:\/\/waresito.com\/fr\/wp-content\/uploads\/sites\/2\/2023\/03\/waresito-logistique-transport-haut-428x214.webp 428w\" sizes=\"auto, (max-width: 800px) 100vw, 800px\" \/><\/a><\/p>\n<h2><b><br \/>\nComment calculer le co\u00fbt de stockage de palettes ?\u00a0<\/b><\/h2>\n<p><span style=\"font-weight: 400\">Le <\/span><b>calcul du co\u00fbt de stockage de palettes<\/b><span style=\"font-weight: 400\"> n\u00e9cessite de prendre en compte plusieurs types de d\u00e9penses.\u00a0<\/span><\/p>\n<h3><b>Frais de manutention<\/b><\/h3>\n<p><span style=\"font-weight: 400\">Les frais de manutention englobent les co\u00fbts li\u00e9s aux op\u00e9rations d&rsquo;entr\u00e9e et de sortie des palettes dans l&rsquo;entrep\u00f4t. Souvent d\u00e9sign\u00e9s sous le terme \u00ab coup de fourche \u00bb, ils varient selon la main-d&rsquo;\u0153uvre et le niveau d&rsquo;activit\u00e9. Ils incluent notamment :<\/span><\/p>\n<ul>\n<li style=\"font-weight: 400\"><span style=\"font-weight: 400\">Frais d\u2019entr\u00e9e : d\u00e9chargement et mise en stock des palettes.<\/span><\/li>\n<li style=\"font-weight: 400\"><span style=\"font-weight: 400\">Frais de sortie : pr\u00e9paration et chargement des palettes pour exp\u00e9dition et transport.<\/span><\/li>\n<\/ul>\n<h3><b>Frais de stockage<\/b><\/h3>\n<p><span style=\"font-weight: 400\">Le co\u00fbt de stockage correspond en g\u00e9n\u00e9ral \u00e0 un loyer mensuel par palette. Il peut fluctuer selon la localisation de l&rsquo;entrep\u00f4t et son taux d\u2019occupation. Il comprend :<\/span><\/p>\n<ul>\n<li style=\"font-weight: 400\"><span style=\"font-weight: 400\">Loyer : co\u00fbt de l\u2019espace occup\u00e9.<\/span><\/li>\n<li style=\"font-weight: 400\"><span style=\"font-weight: 400\">Frais d\u2019entretien : maintenance des infrastructures (\u00e9clairage, chauffage, climatisation, etc.).<\/span><\/li>\n<\/ul>\n<h3><b>Assurance des marchandises<\/b><\/h3>\n<p><span style=\"font-weight: 400\">L\u2019assurance couvre les risques de perte ou de d\u00e9t\u00e9rioration des biens entrepos\u00e9s. Son co\u00fbt d\u00e9pend de la valeur des marchandises et des conditions contractuelles de la couverture.<\/span><\/p>\n<h3><b>Frais de gestion et administratifs<\/b><\/h3>\n<p><span style=\"font-weight: 400\">Ces co\u00fbts concernent la gestion quotidienne des stocks et les t\u00e2ches administratives associ\u00e9es. Ils peuvent inclure :<\/span><\/p>\n<ul>\n<li style=\"font-weight: 400\"><span style=\"font-weight: 400\">Gestion des stocks : automatisation, suivi, inventaires et outils informatiques.<\/span><\/li>\n<li style=\"font-weight: 400\"><span style=\"font-weight: 400\">Administration : traitement des commandes, facturation, comptabilit\u00e9, etc.<\/span><\/li>\n<\/ul>\n<p>&nbsp;<\/p>\n<p><a href=\"https:\/\/waresito.com\/fr\/contact-info-blog\/\"><img loading=\"lazy\" decoding=\"async\" class=\"alignnone wp-image-4405\" src=\"https:\/\/waresito.com\/fr\/wp-content\/uploads\/sites\/2\/2023\/03\/waresito-logistique-transport-milieu-700x350.webp\" alt=\"prestataire logistique et transport\" width=\"800\" height=\"400\" srcset=\"https:\/\/waresito.com\/fr\/wp-content\/uploads\/sites\/2\/2023\/03\/waresito-logistique-transport-milieu-700x350.webp 700w, https:\/\/waresito.com\/fr\/wp-content\/uploads\/sites\/2\/2023\/03\/waresito-logistique-transport-milieu-1000x500.webp 1000w, https:\/\/waresito.com\/fr\/wp-content\/uploads\/sites\/2\/2023\/03\/waresito-logistique-transport-milieu-768x384.webp 768w, https:\/\/waresito.com\/fr\/wp-content\/uploads\/sites\/2\/2023\/03\/waresito-logistique-transport-milieu-1536x768.webp 1536w, https:\/\/waresito.com\/fr\/wp-content\/uploads\/sites\/2\/2023\/03\/waresito-logistique-transport-milieu-2048x1024.webp 2048w, https:\/\/waresito.com\/fr\/wp-content\/uploads\/sites\/2\/2023\/03\/waresito-logistique-transport-milieu-350x175.webp 350w, https:\/\/waresito.com\/fr\/wp-content\/uploads\/sites\/2\/2023\/03\/waresito-logistique-transport-milieu-428x214.webp 428w\" sizes=\"auto, (max-width: 800px) 100vw, 800px\" \/><\/a><\/p>\n<h2><b><br \/>\nQuel est le prix moyen du stockage de palettes en France ?<\/b><\/h2>\n<p><span style=\"font-weight: 400\">Le <strong>prix du stockage de palettes en France<\/strong> d\u00e9pend de plusieurs facteurs : type de palettes, localisation, dur\u00e9e, services associ\u00e9s, conditions de manutention par exemple. Il n\u2019existe donc pas un tarif unique applicable \u00e0 toutes les situations, mais il est possible de d\u00e9gager une fourchette de prix. <\/span><\/p>\n<p><span style=\"font-weight: 400\">Pour obtenir une estimation fiable concernant le <strong>tarif de stockage de vos palettes<\/strong>, il est recommand\u00e9 de faire une demande de devis d\u00e9taill\u00e9e en pr\u00e9cisant l\u2019ensemble de vos besoins. <\/span><\/p>\n<h2><b>Comment r\u00e9duire le co\u00fbt total du stockage de palettes ?\u00a0<\/b><\/h2>\n<p><a href=\"https:\/\/waresito.com\/fr\/blog\/comment-reduire-ses-couts-de-stockage\/\"><span style=\"font-weight: 400\">R\u00e9duire le co\u00fbt du stockage de palettes<\/span><\/a><span style=\"font-weight: 400\"> est un enjeu strat\u00e9gique pour optimiser la rentabilit\u00e9 logistique. Waresito vous livre plusieurs leviers d\u2019action efficaces pour y contribuer :\u00a0<\/span><\/p>\n<ul>\n<li style=\"font-weight: 400\"><span style=\"font-weight: 400\">Choisir le bon emplacement de l\u2019entrep\u00f4t, <\/span><\/li>\n<li style=\"font-weight: 400\"><span style=\"font-weight: 400\">Optimiser la capacit\u00e9 de l&rsquo;espace de stockage (mesure de la surface au sol et de la hauteur sous plafond, choix du type de rayonnage : racks \u00e0 palettes, dynamique, mobile ou \u00e0 accumulation&#8230;),<\/span><\/li>\n<li style=\"font-weight: 400\"><span style=\"font-weight: 400\">Am\u00e9liorer la rotation des stocks, <\/span><\/li>\n<li style=\"font-weight: 400\"><span style=\"font-weight: 400\">Automatiser les op\u00e9rations logistiques, <\/span><\/li>\n<li style=\"font-weight: 400\"><span style=\"font-weight: 400\">R\u00e9duire les co\u00fbts de manutention, <\/span><\/li>\n<li style=\"font-weight: 400\"><span style=\"font-weight: 400\">Mutualiser ou externaliser le stockage. <\/span><\/li>\n<\/ul>\n<h2><b>Pourquoi choisir Waresito pour externaliser le stockage de palettes ?\u00a0<\/b><\/h2>\n<p><span style=\"font-weight: 400\"><strong>Externaliser le stockage de palettes<\/strong> consiste \u00e0 confier \u00e0 un prestataire la gestion de tout ou partie de vos marchandises stock\u00e9es sur palettes. Cette<\/span> <a href=\"https:\/\/waresito.com\/fr\/blog\/comment-definir-sa-strategie-de-stockage\/\"><span style=\"font-weight: 400\">strat\u00e9gie de stockage logistique<\/span><\/a><span style=\"font-weight: 400\"> est de plus en plus pris\u00e9e par les entreprises de toutes tailles, notamment dans les secteurs du e-commerce, de la distribution, de l\u2019agroalimentaire ou de l\u2019industrie.<\/span><\/p>\n<p><span style=\"font-weight: 400\">Les avantages ?<\/span><span style=\"font-weight: 400\"><br \/>\n<\/span><\/p>\n<ul>\n<li style=\"font-weight: 400\"><span style=\"font-weight: 400\">Lib\u00e9rer de l\u2019espace dans les entrep\u00f4ts de stockage,<\/span><span style=\"font-weight: 400\"><br \/>\n<\/span><\/li>\n<li style=\"font-weight: 400\"><span style=\"font-weight: 400\">Gagner en flexibilit\u00e9 dans la gestion des flux,<\/span><span style=\"font-weight: 400\"><br \/>\n<\/span><\/li>\n<li style=\"font-weight: 400\"><span style=\"font-weight: 400\">R\u00e9duire les investissements dans des infrastructures de stockage,<\/span><span style=\"font-weight: 400\"><br \/>\n<\/span><\/li>\n<li style=\"font-weight: 400\"><span style=\"font-weight: 400\">R\u00e9pondre rapidement \u00e0 une hausse temporaire de l\u2019activit\u00e9.<\/span><\/li>\n<\/ul>\n<p><span style=\"font-weight: 400\"><br \/>\n<\/span><span style=\"font-weight: 400\">Faire appel \u00e0 Waresito, c\u2019est acc\u00e9der \u00e0 un r\u00e9seau logistique professionnel, sans perte de temps ni complexit\u00e9. Que vous ayez besoin d\u2019un entrep\u00f4t logistique pour quelques semaines ou plusieurs mois, votre prestataire vous permet de trouver rapidement une solution sur-mesure et flexible, adapt\u00e9e \u00e0 vos contraintes.<\/span><\/p>\n<p>&nbsp;<\/p>\n<p><a href=\"https:\/\/waresito.com\/fr\/contact-info-blog\/\"><img loading=\"lazy\" decoding=\"async\" class=\"alignnone wp-image-4397\" src=\"https:\/\/waresito.com\/fr\/wp-content\/uploads\/sites\/2\/2023\/03\/waresito-logistique-transport-bas-700x350.webp\" alt=\"logistique et transport waresito\" width=\"800\" height=\"400\" srcset=\"https:\/\/waresito.com\/fr\/wp-content\/uploads\/sites\/2\/2023\/03\/waresito-logistique-transport-bas-700x350.webp 700w, https:\/\/waresito.com\/fr\/wp-content\/uploads\/sites\/2\/2023\/03\/waresito-logistique-transport-bas-1000x500.webp 1000w, https:\/\/waresito.com\/fr\/wp-content\/uploads\/sites\/2\/2023\/03\/waresito-logistique-transport-bas-768x384.webp 768w, https:\/\/waresito.com\/fr\/wp-content\/uploads\/sites\/2\/2023\/03\/waresito-logistique-transport-bas-1536x768.webp 1536w, https:\/\/waresito.com\/fr\/wp-content\/uploads\/sites\/2\/2023\/03\/waresito-logistique-transport-bas-2048x1024.webp 2048w, https:\/\/waresito.com\/fr\/wp-content\/uploads\/sites\/2\/2023\/03\/waresito-logistique-transport-bas-350x175.webp 350w, https:\/\/waresito.com\/fr\/wp-content\/uploads\/sites\/2\/2023\/03\/waresito-logistique-transport-bas-428x214.webp 428w\" sizes=\"auto, (max-width: 800px) 100vw, 800px\" \/><\/a><\/p>\n<p><span style=\"font-weight: 400\"><br \/>\nD\u00e8s maintenant, contactez l\u2019un de nos experts pour \u00e9changer sur votre projet et obtenir toutes les informations dont vous avez besoin.\u00a0<\/span><\/p>\n","protected":false},"excerpt":{"rendered":"<p>Quels sont les facteurs qui influencent le prix du stockage de palettes ?\u00a0 Le co\u00fbt de stockage de palettes n\u2019est pas fixe. Il varie selon plusieurs facteurs :\u00a0 Le type&#8230;<\/p>\n","protected":false},"author":8,"featured_media":1585,"comment_status":"closed","ping_status":"open","sticky":false,"template":"","format":"standard","meta":{"_acf_changed":false,"content-type":"","inline_featured_image":false,"footnotes":""},"categories":[3,7],"tags":[],"class_list":["post-4900","post","type-post","status-publish","format-standard","has-post-thumbnail","hentry","category-blog","category-stockage"],"acf":[],"yoast_head":"<!-- This site is optimized with the Yoast SEO plugin v27.0 - https:\/\/yoast.com\/product\/yoast-seo-wordpress\/ -->\n<title>Quel est le prix du stockage de palettes ? l Waresito<\/title>\n<meta name=\"description\" content=\"Quel est le prix du stockage de palettes en logistique ? R\u00e9ponse avec Waresito, l&#039;une des meilleures r\u00e9f\u00e9rences en stockage de palettes en France.\" \/>\n<meta name=\"robots\" content=\"index, follow, max-snippet:-1, max-image-preview:large, max-video-preview:-1\" \/>\n<link rel=\"canonical\" href=\"https:\/\/waresito.com\/fr\/blog\/prix-stockage-palettes\/\" \/>\n<meta property=\"og:locale\" content=\"fr_FR\" \/>\n<meta property=\"og:type\" content=\"article\" \/>\n<meta property=\"og:title\" content=\"Quel est le prix du stockage de palettes ? l Waresito\" \/>\n<meta property=\"og:description\" content=\"Quel est le prix du stockage de palettes en logistique ? R\u00e9ponse avec Waresito, l&#039;une des meilleures r\u00e9f\u00e9rences en stockage de palettes en France.\" \/>\n<meta property=\"og:url\" content=\"https:\/\/waresito.com\/fr\/blog\/prix-stockage-palettes\/\" \/>\n<meta property=\"og:site_name\" content=\"Waresito FR\" \/>\n<meta property=\"article:published_time\" content=\"2025-07-18T06:00:06+00:00\" \/>\n<meta property=\"article:modified_time\" content=\"2025-12-17T10:03:10+00:00\" \/>\n<meta property=\"og:image\" content=\"https:\/\/waresito.com\/fr\/wp-content\/uploads\/sites\/2\/2024\/04\/Head-Banner-7-e1712758422135.jpg\" \/>\n\t<meta property=\"og:image:width\" content=\"1529\" \/>\n\t<meta property=\"og:image:height\" content=\"1080\" \/>\n\t<meta property=\"og:image:type\" content=\"image\/jpeg\" \/>\n<meta name=\"author\" content=\"Laure Courty\" \/>\n<meta name=\"twitter:card\" content=\"summary_large_image\" \/>\n<meta name=\"twitter:creator\" content=\"@anthonypenet@gmail.com\" \/>\n<meta name=\"twitter:label1\" content=\"\u00c9crit par\" \/>\n\t<meta name=\"twitter:data1\" content=\"Laure Courty\" \/>\n\t<meta name=\"twitter:label2\" content=\"Dur\u00e9e de lecture estim\u00e9e\" \/>\n\t<meta name=\"twitter:data2\" content=\"6 minutes\" \/>\n<script type=\"application\/ld+json\" class=\"yoast-schema-graph\">{\"@context\":\"https:\/\/schema.org\",\"@graph\":[{\"@type\":\"Article\",\"@id\":\"https:\/\/waresito.com\/fr\/blog\/prix-stockage-palettes\/#article\",\"isPartOf\":{\"@id\":\"https:\/\/waresito.com\/fr\/blog\/prix-stockage-palettes\/\"},\"author\":{\"name\":\"Laure Courty\",\"@id\":\"https:\/\/waresito.com\/fr\/#\/schema\/person\/83c27a2f3c0f898f9f9fcc2ad59628c0\"},\"headline\":\"Quel est le prix du stockage de palettes ?\",\"datePublished\":\"2025-07-18T06:00:06+00:00\",\"dateModified\":\"2025-12-17T10:03:10+00:00\",\"mainEntityOfPage\":{\"@id\":\"https:\/\/waresito.com\/fr\/blog\/prix-stockage-palettes\/\"},\"wordCount\":980,\"image\":{\"@id\":\"https:\/\/waresito.com\/fr\/blog\/prix-stockage-palettes\/#primaryimage\"},\"thumbnailUrl\":\"https:\/\/waresito.com\/fr\/wp-content\/uploads\/sites\/2\/2024\/04\/Head-Banner-7-e1712758422135.jpg\",\"articleSection\":[\"Blog\",\"Stockage\"],\"inLanguage\":\"fr-FR\"},{\"@type\":\"WebPage\",\"@id\":\"https:\/\/waresito.com\/fr\/blog\/prix-stockage-palettes\/\",\"url\":\"https:\/\/waresito.com\/fr\/blog\/prix-stockage-palettes\/\",\"name\":\"Quel est le prix du stockage de palettes ? l Waresito\",\"isPartOf\":{\"@id\":\"https:\/\/waresito.com\/fr\/#website\"},\"primaryImageOfPage\":{\"@id\":\"https:\/\/waresito.com\/fr\/blog\/prix-stockage-palettes\/#primaryimage\"},\"image\":{\"@id\":\"https:\/\/waresito.com\/fr\/blog\/prix-stockage-palettes\/#primaryimage\"},\"thumbnailUrl\":\"https:\/\/waresito.com\/fr\/wp-content\/uploads\/sites\/2\/2024\/04\/Head-Banner-7-e1712758422135.jpg\",\"datePublished\":\"2025-07-18T06:00:06+00:00\",\"dateModified\":\"2025-12-17T10:03:10+00:00\",\"author\":{\"@id\":\"https:\/\/waresito.com\/fr\/#\/schema\/person\/83c27a2f3c0f898f9f9fcc2ad59628c0\"},\"description\":\"Quel est le prix du stockage de palettes en logistique ? R\u00e9ponse avec Waresito, l'une des meilleures r\u00e9f\u00e9rences en stockage de palettes en France.\",\"breadcrumb\":{\"@id\":\"https:\/\/waresito.com\/fr\/blog\/prix-stockage-palettes\/#breadcrumb\"},\"inLanguage\":\"fr-FR\",\"potentialAction\":[{\"@type\":\"ReadAction\",\"target\":[\"https:\/\/waresito.com\/fr\/blog\/prix-stockage-palettes\/\"]}]},{\"@type\":\"ImageObject\",\"inLanguage\":\"fr-FR\",\"@id\":\"https:\/\/waresito.com\/fr\/blog\/prix-stockage-palettes\/#primaryimage\",\"url\":\"https:\/\/waresito.com\/fr\/wp-content\/uploads\/sites\/2\/2024\/04\/Head-Banner-7-e1712758422135.jpg\",\"contentUrl\":\"https:\/\/waresito.com\/fr\/wp-content\/uploads\/sites\/2\/2024\/04\/Head-Banner-7-e1712758422135.jpg\",\"width\":1529,\"height\":1080,\"caption\":\"racks pour stockage de palettes\"},{\"@type\":\"BreadcrumbList\",\"@id\":\"https:\/\/waresito.com\/fr\/blog\/prix-stockage-palettes\/#breadcrumb\",\"itemListElement\":[{\"@type\":\"ListItem\",\"position\":1,\"name\":\"Accueil\",\"item\":\"https:\/\/waresito.com\/fr\/\"},{\"@type\":\"ListItem\",\"position\":2,\"name\":\"Blog\",\"item\":\"https:\/\/waresito.com\/fr\/blog\/\"},{\"@type\":\"ListItem\",\"position\":3,\"name\":\"Quel est le prix du stockage de palettes ?\"}]},{\"@type\":\"WebSite\",\"@id\":\"https:\/\/waresito.com\/fr\/#website\",\"url\":\"https:\/\/waresito.com\/fr\/\",\"name\":\"Waresito\",\"description\":\"\",\"potentialAction\":[{\"@type\":\"SearchAction\",\"target\":{\"@type\":\"EntryPoint\",\"urlTemplate\":\"https:\/\/waresito.com\/fr\/?s={search_term_string}\"},\"query-input\":{\"@type\":\"PropertyValueSpecification\",\"valueRequired\":true,\"valueName\":\"search_term_string\"}}],\"inLanguage\":\"fr-FR\"},{\"@type\":\"Person\",\"@id\":\"https:\/\/waresito.com\/fr\/#\/schema\/person\/83c27a2f3c0f898f9f9fcc2ad59628c0\",\"name\":\"Laure Courty\",\"image\":{\"@type\":\"ImageObject\",\"inLanguage\":\"fr-FR\",\"@id\":\"https:\/\/waresito.com\/fr\/#\/schema\/person\/image\/\",\"url\":\"https:\/\/secure.gravatar.com\/avatar\/6894b5ef2d33d8d94a153498a35f9197484602f8a841d300cdf7f90012141d7c?s=96&d=mm&r=g\",\"contentUrl\":\"https:\/\/secure.gravatar.com\/avatar\/6894b5ef2d33d8d94a153498a35f9197484602f8a841d300cdf7f90012141d7c?s=96&d=mm&r=g\",\"caption\":\"Laure Courty\"},\"sameAs\":[\"https:\/\/www.linkedin.com\/in\/laure-courty-09406678\/\",\"https:\/\/x.com\/anthonypenet@gmail.com\"],\"url\":\"https:\/\/waresito.com\/fr\/auteur\/laure-courty\/\"}]}<\/script>\n<!-- \/ Yoast SEO plugin. -->","yoast_head_json":{"title":"Quel est le prix du stockage de palettes ? l Waresito","description":"Quel est le prix du stockage de palettes en logistique ? R\u00e9ponse avec Waresito, l'une des meilleures r\u00e9f\u00e9rences en stockage de palettes en France.","robots":{"index":"index","follow":"follow","max-snippet":"max-snippet:-1","max-image-preview":"max-image-preview:large","max-video-preview":"max-video-preview:-1"},"canonical":"https:\/\/waresito.com\/fr\/blog\/prix-stockage-palettes\/","og_locale":"fr_FR","og_type":"article","og_title":"Quel est le prix du stockage de palettes ? l Waresito","og_description":"Quel est le prix du stockage de palettes en logistique ? R\u00e9ponse avec Waresito, l'une des meilleures r\u00e9f\u00e9rences en stockage de palettes en France.","og_url":"https:\/\/waresito.com\/fr\/blog\/prix-stockage-palettes\/","og_site_name":"Waresito FR","article_published_time":"2025-07-18T06:00:06+00:00","article_modified_time":"2025-12-17T10:03:10+00:00","og_image":[{"width":1529,"height":1080,"url":"https:\/\/waresito.com\/fr\/wp-content\/uploads\/sites\/2\/2024\/04\/Head-Banner-7-e1712758422135.jpg","type":"image\/jpeg"}],"author":"Laure Courty","twitter_card":"summary_large_image","twitter_creator":"@anthonypenet@gmail.com","twitter_misc":{"\u00c9crit par":"Laure Courty","Dur\u00e9e de lecture estim\u00e9e":"6 minutes"},"schema":{"@context":"https:\/\/schema.org","@graph":[{"@type":"Article","@id":"https:\/\/waresito.com\/fr\/blog\/prix-stockage-palettes\/#article","isPartOf":{"@id":"https:\/\/waresito.com\/fr\/blog\/prix-stockage-palettes\/"},"author":{"name":"Laure Courty","@id":"https:\/\/waresito.com\/fr\/#\/schema\/person\/83c27a2f3c0f898f9f9fcc2ad59628c0"},"headline":"Quel est le prix du stockage de palettes ?","datePublished":"2025-07-18T06:00:06+00:00","dateModified":"2025-12-17T10:03:10+00:00","mainEntityOfPage":{"@id":"https:\/\/waresito.com\/fr\/blog\/prix-stockage-palettes\/"},"wordCount":980,"image":{"@id":"https:\/\/waresito.com\/fr\/blog\/prix-stockage-palettes\/#primaryimage"},"thumbnailUrl":"https:\/\/waresito.com\/fr\/wp-content\/uploads\/sites\/2\/2024\/04\/Head-Banner-7-e1712758422135.jpg","articleSection":["Blog","Stockage"],"inLanguage":"fr-FR"},{"@type":"WebPage","@id":"https:\/\/waresito.com\/fr\/blog\/prix-stockage-palettes\/","url":"https:\/\/waresito.com\/fr\/blog\/prix-stockage-palettes\/","name":"Quel est le prix du stockage de palettes ? l Waresito","isPartOf":{"@id":"https:\/\/waresito.com\/fr\/#website"},"primaryImageOfPage":{"@id":"https:\/\/waresito.com\/fr\/blog\/prix-stockage-palettes\/#primaryimage"},"image":{"@id":"https:\/\/waresito.com\/fr\/blog\/prix-stockage-palettes\/#primaryimage"},"thumbnailUrl":"https:\/\/waresito.com\/fr\/wp-content\/uploads\/sites\/2\/2024\/04\/Head-Banner-7-e1712758422135.jpg","datePublished":"2025-07-18T06:00:06+00:00","dateModified":"2025-12-17T10:03:10+00:00","author":{"@id":"https:\/\/waresito.com\/fr\/#\/schema\/person\/83c27a2f3c0f898f9f9fcc2ad59628c0"},"description":"Quel est le prix du stockage de palettes en logistique ? R\u00e9ponse avec Waresito, l'une des meilleures r\u00e9f\u00e9rences en stockage de palettes en France.","breadcrumb":{"@id":"https:\/\/waresito.com\/fr\/blog\/prix-stockage-palettes\/#breadcrumb"},"inLanguage":"fr-FR","potentialAction":[{"@type":"ReadAction","target":["https:\/\/waresito.com\/fr\/blog\/prix-stockage-palettes\/"]}]},{"@type":"ImageObject","inLanguage":"fr-FR","@id":"https:\/\/waresito.com\/fr\/blog\/prix-stockage-palettes\/#primaryimage","url":"https:\/\/waresito.com\/fr\/wp-content\/uploads\/sites\/2\/2024\/04\/Head-Banner-7-e1712758422135.jpg","contentUrl":"https:\/\/waresito.com\/fr\/wp-content\/uploads\/sites\/2\/2024\/04\/Head-Banner-7-e1712758422135.jpg","width":1529,"height":1080,"caption":"racks pour stockage de palettes"},{"@type":"BreadcrumbList","@id":"https:\/\/waresito.com\/fr\/blog\/prix-stockage-palettes\/#breadcrumb","itemListElement":[{"@type":"ListItem","position":1,"name":"Accueil","item":"https:\/\/waresito.com\/fr\/"},{"@type":"ListItem","position":2,"name":"Blog","item":"https:\/\/waresito.com\/fr\/blog\/"},{"@type":"ListItem","position":3,"name":"Quel est le prix du stockage de palettes ?"}]},{"@type":"WebSite","@id":"https:\/\/waresito.com\/fr\/#website","url":"https:\/\/waresito.com\/fr\/","name":"Waresito","description":"","potentialAction":[{"@type":"SearchAction","target":{"@type":"EntryPoint","urlTemplate":"https:\/\/waresito.com\/fr\/?s={search_term_string}"},"query-input":{"@type":"PropertyValueSpecification","valueRequired":true,"valueName":"search_term_string"}}],"inLanguage":"fr-FR"},{"@type":"Person","@id":"https:\/\/waresito.com\/fr\/#\/schema\/person\/83c27a2f3c0f898f9f9fcc2ad59628c0","name":"Laure Courty","image":{"@type":"ImageObject","inLanguage":"fr-FR","@id":"https:\/\/waresito.com\/fr\/#\/schema\/person\/image\/","url":"https:\/\/secure.gravatar.com\/avatar\/6894b5ef2d33d8d94a153498a35f9197484602f8a841d300cdf7f90012141d7c?s=96&d=mm&r=g","contentUrl":"https:\/\/secure.gravatar.com\/avatar\/6894b5ef2d33d8d94a153498a35f9197484602f8a841d300cdf7f90012141d7c?s=96&d=mm&r=g","caption":"Laure Courty"},"sameAs":["https:\/\/www.linkedin.com\/in\/laure-courty-09406678\/","https:\/\/x.com\/anthonypenet@gmail.com"],"url":"https:\/\/waresito.com\/fr\/auteur\/laure-courty\/"}]}},"_links":{"self":[{"href":"https:\/\/waresito.com\/fr\/wp-json\/wp\/v2\/posts\/4900","targetHints":{"allow":["GET"]}}],"collection":[{"href":"https:\/\/waresito.com\/fr\/wp-json\/wp\/v2\/posts"}],"about":[{"href":"https:\/\/waresito.com\/fr\/wp-json\/wp\/v2\/types\/post"}],"author":[{"embeddable":true,"href":"https:\/\/waresito.com\/fr\/wp-json\/wp\/v2\/users\/8"}],"replies":[{"embeddable":true,"href":"https:\/\/waresito.com\/fr\/wp-json\/wp\/v2\/comments?post=4900"}],"version-history":[{"count":12,"href":"https:\/\/waresito.com\/fr\/wp-json\/wp\/v2\/posts\/4900\/revisions"}],"predecessor-version":[{"id":4912,"href":"https:\/\/waresito.com\/fr\/wp-json\/wp\/v2\/posts\/4900\/revisions\/4912"}],"wp:featuredmedia":[{"embeddable":true,"href":"https:\/\/waresito.com\/fr\/wp-json\/wp\/v2\/media\/1585"}],"wp:attachment":[{"href":"https:\/\/waresito.com\/fr\/wp-json\/wp\/v2\/media?parent=4900"}],"wp:term":[{"taxonomy":"category","embeddable":true,"href":"https:\/\/waresito.com\/fr\/wp-json\/wp\/v2\/categories?post=4900"},{"taxonomy":"post_tag","embeddable":true,"href":"https:\/\/waresito.com\/fr\/wp-json\/wp\/v2\/tags?post=4900"}],"curies":[{"name":"wp","href":"https:\/\/api.w.org\/{rel}","templated":true}]}}