{"id":502,"date":"2023-03-28T16:22:54","date_gmt":"2023-03-28T14:22:54","guid":{"rendered":"https:\/\/waresito.com\/fr\/?p=502"},"modified":"2025-03-06T16:52:44","modified_gmt":"2025-03-06T15:52:44","slug":"lastuce-pour-stocker-du-mobilier-pro","status":"publish","type":"post","link":"https:\/\/waresito.com\/fr\/blog\/lastuce-pour-stocker-du-mobilier-pro\/","title":{"rendered":"L\u2019astuce pour stocker du mobilier pro"},"content":{"rendered":"<h2><span class=\"has-inline-color has-black-color\">Pouvez-vous en dire plus sur votre activit\u00e9 ?<\/span><\/h2>\n<p><a href=\"https:\/\/chimere-edition.myshopify.com\/\" target=\"_blank\" rel=\"noopener noreferrer\">Chim\u00e8re<\/a>\u00a0est une maison d\u2019\u00e9dition de mobilier design destin\u00e9 aux propri\u00e9taires d\u2019animaux de compagnie, attentifs \u00e0 leur d\u00e9coration d\u2019int\u00e9rieur. Ce sont des produits (cage \u00e0 lapin, niche, aquarium\u2026) design qui sont enti\u00e8rement fa\u00e7onn\u00e9s \u00e0 la main en France et en Italie. On utilise des mat\u00e9riaux nobles comme le ch\u00eane massif. Mais aussi le verre souffl\u00e9, des tissus de rev\u00eatement tr\u00e8s haut de gamme. L\u2019id\u00e9e est de cr\u00e9er un v\u00e9ritable univers coh\u00e9rent et esth\u00e9tique entre le mobilier contemporain d\u2019habitation et le mobilier animalier que nous proposons.<\/p>\n<h2><span class=\"has-inline-color has-black-color\">Pour quelles raisons avez-vous choisi Waresito ?<\/span><\/h2>\n<p>Notre production est stock\u00e9e soit dans notre usine, soit dans un entrep\u00f4t afin de pouvoir exp\u00e9dier facilement les produits \u00e0 l\u2019\u00e9tranger, par bateau. Cependant, nous avons lou\u00e9 un\u00a0espace de stockage\u00a0chez Waresito car nous avions besoin\u00a0<strong>d\u2019entreposer des produits de d\u00e9monstration<\/strong>, lors d\u2019\u00e9v\u00e9nements \u00e0 Paris. Le mobilier pro prend de la place entre les stands, le mat\u00e9riel d\u2019exposition\u2026 C\u2019est pourquoi il \u00e9tait n\u00e9cessaire de stocker du mobilier pro chez Waresito.<\/p>\n<h2><span class=\"has-inline-color has-black-color\">Des crit\u00e8res \u00e0 respecter pour stocker votre mobilier pro ?<\/span><\/h2>\n<p><strong>L\u2019accessibilit\u00e9<\/strong>, \u00e0 la fois, en termes d\u2019<strong>emplacement<\/strong>, il ne fallait pas que ce soit trop loin de Paris. Et l\u2019accessibilit\u00e9 en termes d\u2019<strong>horaires d\u2019ouverture<\/strong>. Si nous avons besoin d\u2019acc\u00e9der rapidement \u00e0 l\u2019entrep\u00f4t, la personne est disponible en tr\u00e8s peu de temps pour nous ouvrir l\u2019acc\u00e8s. \u00a0C\u2019est ce que nous recherchions.<\/p>\n<h2>L&rsquo;entrep\u00f4t r\u00e9pond-il \u00e0 vos attentes ? S\u00e9curit\u00e9, \u00e9clairage, humidit\u00e9 ?<\/h2>\n<p>Oui absolument, c\u2019est un entrep\u00f4t qui\u00a0<strong>convient parfaitement \u00e0 nos produits<\/strong>. Il n\u2019y a pas d\u2019humidit\u00e9, c\u2019est un local sec et s\u00e9curis\u00e9. Nous avons m\u00eame du mat\u00e9riel \u00e0 disposition comme le tire palette, du film pour prot\u00e9ger les colis\u2026 c\u2019est appr\u00e9ciable et c\u2019est encore mieux que ce que j\u2019attendais.<\/p>\n<h2>Pouvez-vous acc\u00e9der \u00e0 votre entrep\u00f4t \u00e0 votre guise ?<\/h2>\n<p>Oui, je dois juste pr\u00e9venir le propri\u00e9taire de l\u2019entrep\u00f4t peu de temps avant mon arriv\u00e9e pour\u00a0<strong>gagner du temps<\/strong>.<\/p>\n<p>Mais cela se fait tr\u00e8s facilement et\u00a0<strong>sans contrainte !<\/strong><\/p>\n<div class=\"is-horizontal is-content-justification-center is-layout-flex wp-container-3 wp-block-buttons\"><\/div>\n","protected":false},"excerpt":{"rendered":"<p>Pouvez-vous en dire plus sur votre activit\u00e9 ? Chim\u00e8re\u00a0est une maison d\u2019\u00e9dition de mobilier design destin\u00e9 aux propri\u00e9taires d\u2019animaux de compagnie, attentifs \u00e0 leur d\u00e9coration d\u2019int\u00e9rieur. Ce sont des produits&#8230;<\/p>\n","protected":false},"author":8,"featured_media":720,"comment_status":"closed","ping_status":"open","sticky":false,"template":"","format":"standard","meta":{"_acf_changed":false,"content-type":"","inline_featured_image":false,"footnotes":""},"categories":[3,8],"tags":[46,48],"class_list":["post-502","post","type-post","status-publish","format-standard","has-post-thumbnail","hentry","category-blog","category-temoignages","tag-entreposage","tag-stocks"],"acf":[],"yoast_head":"<!-- This site is optimized with the Yoast SEO plugin v27.0 - https:\/\/yoast.com\/product\/yoast-seo-wordpress\/ -->\n<title>L\u2019astuce pour stocker du mobilier pro - Waresito<\/title>\n<meta name=\"description\" content=\"T\u00e9moignage sur le stockage logistique mobilier professionnel avec Chim\u00e8re, une maison d\u2019\u00e9dition de mobilier design pour les animaux.\" \/>\n<meta name=\"robots\" content=\"index, follow, max-snippet:-1, max-image-preview:large, max-video-preview:-1\" \/>\n<link rel=\"canonical\" href=\"https:\/\/waresito.com\/fr\/blog\/lastuce-pour-stocker-du-mobilier-pro\/\" \/>\n<meta property=\"og:locale\" content=\"fr_FR\" \/>\n<meta property=\"og:type\" content=\"article\" \/>\n<meta property=\"og:title\" content=\"L\u2019astuce pour stocker du mobilier pro - Waresito\" \/>\n<meta property=\"og:description\" content=\"T\u00e9moignage sur le stockage logistique mobilier professionnel avec Chim\u00e8re, une maison d\u2019\u00e9dition de mobilier design pour les animaux.\" \/>\n<meta property=\"og:url\" content=\"https:\/\/waresito.com\/fr\/blog\/lastuce-pour-stocker-du-mobilier-pro\/\" \/>\n<meta property=\"og:site_name\" content=\"Waresito FR\" \/>\n<meta property=\"article:published_time\" content=\"2023-03-28T14:22:54+00:00\" \/>\n<meta property=\"article:modified_time\" content=\"2025-03-06T15:52:44+00:00\" \/>\n<meta property=\"og:image\" content=\"https:\/\/waresito.com\/fr\/wp-content\/uploads\/sites\/2\/2023\/03\/stockage-mobilier-pro-entreprise-entrepot-waresito.webp\" \/>\n\t<meta property=\"og:image:width\" content=\"825\" \/>\n\t<meta property=\"og:image:height\" content=\"510\" \/>\n\t<meta property=\"og:image:type\" content=\"image\/webp\" \/>\n<meta name=\"author\" content=\"Laure Courty\" \/>\n<meta name=\"twitter:card\" content=\"summary_large_image\" \/>\n<meta name=\"twitter:creator\" content=\"@anthonypenet@gmail.com\" \/>\n<meta name=\"twitter:label1\" content=\"\u00c9crit par\" \/>\n\t<meta name=\"twitter:data1\" content=\"Laure Courty\" \/>\n\t<meta name=\"twitter:label2\" content=\"Dur\u00e9e de lecture estim\u00e9e\" \/>\n\t<meta name=\"twitter:data2\" content=\"2 minutes\" \/>\n<script type=\"application\/ld+json\" class=\"yoast-schema-graph\">{\"@context\":\"https:\/\/schema.org\",\"@graph\":[{\"@type\":\"Article\",\"@id\":\"https:\/\/waresito.com\/fr\/blog\/lastuce-pour-stocker-du-mobilier-pro\/#article\",\"isPartOf\":{\"@id\":\"https:\/\/waresito.com\/fr\/blog\/lastuce-pour-stocker-du-mobilier-pro\/\"},\"author\":{\"name\":\"Laure Courty\",\"@id\":\"https:\/\/waresito.com\/fr\/#\/schema\/person\/83c27a2f3c0f898f9f9fcc2ad59628c0\"},\"headline\":\"L\u2019astuce pour stocker du mobilier pro\",\"datePublished\":\"2023-03-28T14:22:54+00:00\",\"dateModified\":\"2025-03-06T15:52:44+00:00\",\"mainEntityOfPage\":{\"@id\":\"https:\/\/waresito.com\/fr\/blog\/lastuce-pour-stocker-du-mobilier-pro\/\"},\"wordCount\":387,\"image\":{\"@id\":\"https:\/\/waresito.com\/fr\/blog\/lastuce-pour-stocker-du-mobilier-pro\/#primaryimage\"},\"thumbnailUrl\":\"https:\/\/waresito.com\/fr\/wp-content\/uploads\/sites\/2\/2023\/03\/stockage-mobilier-pro-entreprise-entrepot-waresito.webp\",\"keywords\":[\"entreposage\",\"stocks\"],\"articleSection\":[\"Blog\",\"T\u00e9moignages\"],\"inLanguage\":\"fr-FR\"},{\"@type\":\"WebPage\",\"@id\":\"https:\/\/waresito.com\/fr\/blog\/lastuce-pour-stocker-du-mobilier-pro\/\",\"url\":\"https:\/\/waresito.com\/fr\/blog\/lastuce-pour-stocker-du-mobilier-pro\/\",\"name\":\"L\u2019astuce pour stocker du mobilier pro - Waresito\",\"isPartOf\":{\"@id\":\"https:\/\/waresito.com\/fr\/#website\"},\"primaryImageOfPage\":{\"@id\":\"https:\/\/waresito.com\/fr\/blog\/lastuce-pour-stocker-du-mobilier-pro\/#primaryimage\"},\"image\":{\"@id\":\"https:\/\/waresito.com\/fr\/blog\/lastuce-pour-stocker-du-mobilier-pro\/#primaryimage\"},\"thumbnailUrl\":\"https:\/\/waresito.com\/fr\/wp-content\/uploads\/sites\/2\/2023\/03\/stockage-mobilier-pro-entreprise-entrepot-waresito.webp\",\"datePublished\":\"2023-03-28T14:22:54+00:00\",\"dateModified\":\"2025-03-06T15:52:44+00:00\",\"author\":{\"@id\":\"https:\/\/waresito.com\/fr\/#\/schema\/person\/83c27a2f3c0f898f9f9fcc2ad59628c0\"},\"description\":\"T\u00e9moignage sur le stockage logistique mobilier professionnel avec Chim\u00e8re, une maison d\u2019\u00e9dition de mobilier design pour les animaux.\",\"breadcrumb\":{\"@id\":\"https:\/\/waresito.com\/fr\/blog\/lastuce-pour-stocker-du-mobilier-pro\/#breadcrumb\"},\"inLanguage\":\"fr-FR\",\"potentialAction\":[{\"@type\":\"ReadAction\",\"target\":[\"https:\/\/waresito.com\/fr\/blog\/lastuce-pour-stocker-du-mobilier-pro\/\"]}]},{\"@type\":\"ImageObject\",\"inLanguage\":\"fr-FR\",\"@id\":\"https:\/\/waresito.com\/fr\/blog\/lastuce-pour-stocker-du-mobilier-pro\/#primaryimage\",\"url\":\"https:\/\/waresito.com\/fr\/wp-content\/uploads\/sites\/2\/2023\/03\/stockage-mobilier-pro-entreprise-entrepot-waresito.webp\",\"contentUrl\":\"https:\/\/waresito.com\/fr\/wp-content\/uploads\/sites\/2\/2023\/03\/stockage-mobilier-pro-entreprise-entrepot-waresito.webp\",\"width\":825,\"height\":510,\"caption\":\"stockage-mobilier-pro-entreprise-entrepot-waresito\"},{\"@type\":\"BreadcrumbList\",\"@id\":\"https:\/\/waresito.com\/fr\/blog\/lastuce-pour-stocker-du-mobilier-pro\/#breadcrumb\",\"itemListElement\":[{\"@type\":\"ListItem\",\"position\":1,\"name\":\"Accueil\",\"item\":\"https:\/\/waresito.com\/fr\/\"},{\"@type\":\"ListItem\",\"position\":2,\"name\":\"Blog\",\"item\":\"https:\/\/waresito.com\/fr\/blog\/\"},{\"@type\":\"ListItem\",\"position\":3,\"name\":\"L\u2019astuce pour stocker du mobilier pro\"}]},{\"@type\":\"WebSite\",\"@id\":\"https:\/\/waresito.com\/fr\/#website\",\"url\":\"https:\/\/waresito.com\/fr\/\",\"name\":\"Waresito\",\"description\":\"\",\"potentialAction\":[{\"@type\":\"SearchAction\",\"target\":{\"@type\":\"EntryPoint\",\"urlTemplate\":\"https:\/\/waresito.com\/fr\/?s={search_term_string}\"},\"query-input\":{\"@type\":\"PropertyValueSpecification\",\"valueRequired\":true,\"valueName\":\"search_term_string\"}}],\"inLanguage\":\"fr-FR\"},{\"@type\":\"Person\",\"@id\":\"https:\/\/waresito.com\/fr\/#\/schema\/person\/83c27a2f3c0f898f9f9fcc2ad59628c0\",\"name\":\"Laure Courty\",\"image\":{\"@type\":\"ImageObject\",\"inLanguage\":\"fr-FR\",\"@id\":\"https:\/\/waresito.com\/fr\/#\/schema\/person\/image\/\",\"url\":\"https:\/\/secure.gravatar.com\/avatar\/6894b5ef2d33d8d94a153498a35f9197484602f8a841d300cdf7f90012141d7c?s=96&d=mm&r=g\",\"contentUrl\":\"https:\/\/secure.gravatar.com\/avatar\/6894b5ef2d33d8d94a153498a35f9197484602f8a841d300cdf7f90012141d7c?s=96&d=mm&r=g\",\"caption\":\"Laure Courty\"},\"sameAs\":[\"https:\/\/www.linkedin.com\/in\/laure-courty-09406678\/\",\"https:\/\/x.com\/anthonypenet@gmail.com\"],\"url\":\"https:\/\/waresito.com\/fr\/auteur\/laure-courty\/\"}]}<\/script>\n<!-- \/ Yoast SEO plugin. -->","yoast_head_json":{"title":"L\u2019astuce pour stocker du mobilier pro - Waresito","description":"T\u00e9moignage sur le stockage logistique mobilier professionnel avec Chim\u00e8re, une maison d\u2019\u00e9dition de mobilier design pour les animaux.","robots":{"index":"index","follow":"follow","max-snippet":"max-snippet:-1","max-image-preview":"max-image-preview:large","max-video-preview":"max-video-preview:-1"},"canonical":"https:\/\/waresito.com\/fr\/blog\/lastuce-pour-stocker-du-mobilier-pro\/","og_locale":"fr_FR","og_type":"article","og_title":"L\u2019astuce pour stocker du mobilier pro - Waresito","og_description":"T\u00e9moignage sur le stockage logistique mobilier professionnel avec Chim\u00e8re, une maison d\u2019\u00e9dition de mobilier design pour les animaux.","og_url":"https:\/\/waresito.com\/fr\/blog\/lastuce-pour-stocker-du-mobilier-pro\/","og_site_name":"Waresito FR","article_published_time":"2023-03-28T14:22:54+00:00","article_modified_time":"2025-03-06T15:52:44+00:00","og_image":[{"width":825,"height":510,"url":"https:\/\/waresito.com\/fr\/wp-content\/uploads\/sites\/2\/2023\/03\/stockage-mobilier-pro-entreprise-entrepot-waresito.webp","type":"image\/webp"}],"author":"Laure Courty","twitter_card":"summary_large_image","twitter_creator":"@anthonypenet@gmail.com","twitter_misc":{"\u00c9crit par":"Laure Courty","Dur\u00e9e de lecture estim\u00e9e":"2 minutes"},"schema":{"@context":"https:\/\/schema.org","@graph":[{"@type":"Article","@id":"https:\/\/waresito.com\/fr\/blog\/lastuce-pour-stocker-du-mobilier-pro\/#article","isPartOf":{"@id":"https:\/\/waresito.com\/fr\/blog\/lastuce-pour-stocker-du-mobilier-pro\/"},"author":{"name":"Laure Courty","@id":"https:\/\/waresito.com\/fr\/#\/schema\/person\/83c27a2f3c0f898f9f9fcc2ad59628c0"},"headline":"L\u2019astuce pour stocker du mobilier pro","datePublished":"2023-03-28T14:22:54+00:00","dateModified":"2025-03-06T15:52:44+00:00","mainEntityOfPage":{"@id":"https:\/\/waresito.com\/fr\/blog\/lastuce-pour-stocker-du-mobilier-pro\/"},"wordCount":387,"image":{"@id":"https:\/\/waresito.com\/fr\/blog\/lastuce-pour-stocker-du-mobilier-pro\/#primaryimage"},"thumbnailUrl":"https:\/\/waresito.com\/fr\/wp-content\/uploads\/sites\/2\/2023\/03\/stockage-mobilier-pro-entreprise-entrepot-waresito.webp","keywords":["entreposage","stocks"],"articleSection":["Blog","T\u00e9moignages"],"inLanguage":"fr-FR"},{"@type":"WebPage","@id":"https:\/\/waresito.com\/fr\/blog\/lastuce-pour-stocker-du-mobilier-pro\/","url":"https:\/\/waresito.com\/fr\/blog\/lastuce-pour-stocker-du-mobilier-pro\/","name":"L\u2019astuce pour stocker du mobilier pro - Waresito","isPartOf":{"@id":"https:\/\/waresito.com\/fr\/#website"},"primaryImageOfPage":{"@id":"https:\/\/waresito.com\/fr\/blog\/lastuce-pour-stocker-du-mobilier-pro\/#primaryimage"},"image":{"@id":"https:\/\/waresito.com\/fr\/blog\/lastuce-pour-stocker-du-mobilier-pro\/#primaryimage"},"thumbnailUrl":"https:\/\/waresito.com\/fr\/wp-content\/uploads\/sites\/2\/2023\/03\/stockage-mobilier-pro-entreprise-entrepot-waresito.webp","datePublished":"2023-03-28T14:22:54+00:00","dateModified":"2025-03-06T15:52:44+00:00","author":{"@id":"https:\/\/waresito.com\/fr\/#\/schema\/person\/83c27a2f3c0f898f9f9fcc2ad59628c0"},"description":"T\u00e9moignage sur le stockage logistique mobilier professionnel avec Chim\u00e8re, une maison d\u2019\u00e9dition de mobilier design pour les animaux.","breadcrumb":{"@id":"https:\/\/waresito.com\/fr\/blog\/lastuce-pour-stocker-du-mobilier-pro\/#breadcrumb"},"inLanguage":"fr-FR","potentialAction":[{"@type":"ReadAction","target":["https:\/\/waresito.com\/fr\/blog\/lastuce-pour-stocker-du-mobilier-pro\/"]}]},{"@type":"ImageObject","inLanguage":"fr-FR","@id":"https:\/\/waresito.com\/fr\/blog\/lastuce-pour-stocker-du-mobilier-pro\/#primaryimage","url":"https:\/\/waresito.com\/fr\/wp-content\/uploads\/sites\/2\/2023\/03\/stockage-mobilier-pro-entreprise-entrepot-waresito.webp","contentUrl":"https:\/\/waresito.com\/fr\/wp-content\/uploads\/sites\/2\/2023\/03\/stockage-mobilier-pro-entreprise-entrepot-waresito.webp","width":825,"height":510,"caption":"stockage-mobilier-pro-entreprise-entrepot-waresito"},{"@type":"BreadcrumbList","@id":"https:\/\/waresito.com\/fr\/blog\/lastuce-pour-stocker-du-mobilier-pro\/#breadcrumb","itemListElement":[{"@type":"ListItem","position":1,"name":"Accueil","item":"https:\/\/waresito.com\/fr\/"},{"@type":"ListItem","position":2,"name":"Blog","item":"https:\/\/waresito.com\/fr\/blog\/"},{"@type":"ListItem","position":3,"name":"L\u2019astuce pour stocker du mobilier pro"}]},{"@type":"WebSite","@id":"https:\/\/waresito.com\/fr\/#website","url":"https:\/\/waresito.com\/fr\/","name":"Waresito","description":"","potentialAction":[{"@type":"SearchAction","target":{"@type":"EntryPoint","urlTemplate":"https:\/\/waresito.com\/fr\/?s={search_term_string}"},"query-input":{"@type":"PropertyValueSpecification","valueRequired":true,"valueName":"search_term_string"}}],"inLanguage":"fr-FR"},{"@type":"Person","@id":"https:\/\/waresito.com\/fr\/#\/schema\/person\/83c27a2f3c0f898f9f9fcc2ad59628c0","name":"Laure Courty","image":{"@type":"ImageObject","inLanguage":"fr-FR","@id":"https:\/\/waresito.com\/fr\/#\/schema\/person\/image\/","url":"https:\/\/secure.gravatar.com\/avatar\/6894b5ef2d33d8d94a153498a35f9197484602f8a841d300cdf7f90012141d7c?s=96&d=mm&r=g","contentUrl":"https:\/\/secure.gravatar.com\/avatar\/6894b5ef2d33d8d94a153498a35f9197484602f8a841d300cdf7f90012141d7c?s=96&d=mm&r=g","caption":"Laure Courty"},"sameAs":["https:\/\/www.linkedin.com\/in\/laure-courty-09406678\/","https:\/\/x.com\/anthonypenet@gmail.com"],"url":"https:\/\/waresito.com\/fr\/auteur\/laure-courty\/"}]}},"_links":{"self":[{"href":"https:\/\/waresito.com\/fr\/wp-json\/wp\/v2\/posts\/502","targetHints":{"allow":["GET"]}}],"collection":[{"href":"https:\/\/waresito.com\/fr\/wp-json\/wp\/v2\/posts"}],"about":[{"href":"https:\/\/waresito.com\/fr\/wp-json\/wp\/v2\/types\/post"}],"author":[{"embeddable":true,"href":"https:\/\/waresito.com\/fr\/wp-json\/wp\/v2\/users\/8"}],"replies":[{"embeddable":true,"href":"https:\/\/waresito.com\/fr\/wp-json\/wp\/v2\/comments?post=502"}],"version-history":[{"count":5,"href":"https:\/\/waresito.com\/fr\/wp-json\/wp\/v2\/posts\/502\/revisions"}],"predecessor-version":[{"id":4127,"href":"https:\/\/waresito.com\/fr\/wp-json\/wp\/v2\/posts\/502\/revisions\/4127"}],"wp:featuredmedia":[{"embeddable":true,"href":"https:\/\/waresito.com\/fr\/wp-json\/wp\/v2\/media\/720"}],"wp:attachment":[{"href":"https:\/\/waresito.com\/fr\/wp-json\/wp\/v2\/media?parent=502"}],"wp:term":[{"taxonomy":"category","embeddable":true,"href":"https:\/\/waresito.com\/fr\/wp-json\/wp\/v2\/categories?post=502"},{"taxonomy":"post_tag","embeddable":true,"href":"https:\/\/waresito.com\/fr\/wp-json\/wp\/v2\/tags?post=502"}],"curies":[{"name":"wp","href":"https:\/\/api.w.org\/{rel}","templated":true}]}}