{"id":508,"date":"2023-03-28T16:25:09","date_gmt":"2023-03-28T14:25:09","guid":{"rendered":"https:\/\/waresito.com\/fr\/?p=508"},"modified":"2024-07-10T11:21:53","modified_gmt":"2024-07-10T09:21:53","slug":"waresito-au-service-de-lassociation-juste-humain","status":"publish","type":"post","link":"https:\/\/waresito.com\/fr\/blog\/waresito-au-service-de-lassociation-juste-humain\/","title":{"rendered":"Waresito au service de l&rsquo;association Juste Humain"},"content":{"rendered":"<h2>Quelles sont les raison de la cr\u00e9ation de Juste Humain ?<\/h2>\n<p>J\u2019ai fond\u00e9 Juste Humain suite au d\u00e9c\u00e8s de ma maman d\u2019un cancer. J\u2019ai \u00e9t\u00e9 touch\u00e9e par la probl\u00e9matique de l\u2019accompagnant, par les difficult\u00e9s d\u2019\u00e9changer avec une personne gravement malade. Je ressentais le besoin de b\u00e9n\u00e9ficier d\u2019une aide pour faciliter les \u00e9changes du quotidien.<\/p>\n<p>De ce fait, j\u2019ai souhait\u00e9 fonder Juste Humain pour cr\u00e9er un lien plus facile entre la personne malade et son entourage mais aussi pour valoriser les enfants, et qu\u2019ils ne soient pas r\u00e9duits \u00e0 leur maladie.<\/p>\n<h2>Un \u00e9v\u00e8nement que vous organisez avec Juste Humain\u00a0?<\/h2>\n<p>Nous montons des projets sur-mesure autour de la photographie, de la musique, du th\u00e9\u00e2tre, du cin\u00e9ma, ou encore de la mode. C\u2019est d\u2019ailleurs ce dernier point que je vais aborder maintenant. Tous les ans, nous organisons la semaine de la mode. Les enfants cr\u00e9ent des v\u00eatements avec des couturi\u00e8res b\u00e9n\u00e9voles et d\u00e9filent ensuite en compagnie d\u2019une marraine de c\u0153ur. Les parents assistent \u00e9galement au d\u00e9fil\u00e9 dans le public.<\/p>\n<h2>Quels sont les joies et difficult\u00e9s que vous rencontrez ?<\/h2>\n<p>Comme toutes les associations, Juste Humain est principalement confront\u00e9e au probl\u00e8me financier. Nous devons nous battre au quotidien pour financer nos actions, d\u00e9penser beaucoup d\u2019\u00e9nergie pour rechercher constamment des partenaires. Nous voudrions que l\u2019\u00e9nergie que nous d\u00e9pensons dans la recherche de fonds soit plut\u00f4t d\u00e9penser aupr\u00e8s des enfants malades \u00e0 l\u2019h\u00f4pital.<\/p>\n<p>D\u2019un autre c\u00f4t\u00e9, tous les jours, de par nos actions quotidiennes, nous sommes ravis de l\u2019impact de ces actions et le retour des enfants et des familles. Lorsqu\u2019un enfant sort de sa chambre, lorsque nous voyons un sourire sur le visage des enfants, nous avons la plus belle des r\u00e9compenses. Notre moteur est vraiment de voir un enfant heureux qui peut montrer son talent et ses comp\u00e9tences gr\u00e2ce \u00e0 nos activit\u00e9s.<br \/>\nPourquoi aviez-vous besoin d\u2019un espace de stockage\u00a0?<\/p>\n<p>Nous avons effectivement une probl\u00e9matique de logistique dans notre association. Nous avions besoin d\u2019un espace de stockage cons\u00e9quent pour y d\u00e9poser le mat\u00e9riel de l\u2019association ainsi que les jouets offerts aux enfants malades tout au long de l\u2019ann\u00e9e et plus particuli\u00e8rement \u00e0 No\u00ebl. Il nous fallait un seul et unique espace pour rendre notre quotidien plus facile. Il aurait \u00e9t\u00e9 ing\u00e9rable d\u2019avoir tout \u00e9parpill\u00e9, notamment \u00e0 la p\u00e9riode de No\u00ebl.<\/p>\n<h2>Comment avez-vous connu Waresito ?<\/h2>\n<p>Tout a commenc\u00e9 lorsque nous avons perdu notre lieu de stockage. Nous \u00e9tions alors en recherche et nous avons publi\u00e9 un appel \u00e0 l\u2019aide sur LinkedIn. A partir de l\u00e0, une personne de Waresito a pris contact avec nous pour nous proposer une solution et nous utilisons les services de Waresito depuis septembre 2019.<\/p>\n<h2>Comment se passe la location ?<\/h2>\n<p>La location se passe parfaitement bien. Nous stockons majoritairement nos cadeaux pour les enfants. L\u2019espace est \u00e0 proximit\u00e9 de nos bureaux, nous avons r\u00e9ussi \u00e0 tout stocker au m\u00eame endroit. L\u2019espace est sain et sans humidit\u00e9. Nous sommes dans un <a href=\"https:\/\/waresito.com\/fr\/blog\/la-mutualisation-dans-le-stockage-professionnel-une-strategie-payante-2\/\">espace partag\u00e9 avec d\u2019autres locataires<\/a>. De ce fait, le seul petit b\u00e9mol que nous rencontrons est la prise de rendez-vous afin d\u2019acc\u00e9der \u00e0 notre espace.<\/p>\n<h2>Quels sont les avantages de Waresito ?<\/h2>\n<p>Waresito pr\u00e9sente pour nous de nombreux avantages. Tout d\u2019abord la proximit\u00e9 avec le lieu de notre association qui rend notre quotidien plus pratique. Il y a aussi le prix, qui est tr\u00e8s accessible. En r\u00e9sum\u00e9, nous sommes pleinement satisfaits de notre espace de stockage et sommes ravis de travailler avec votre \u00e9quipe et de pouvoir avancer sereinement \u00e0 vos c\u00f4t\u00e9s.<\/p>\n<p>Merci beaucoup Nathalie pour cet \u00e9change et ces mots sur l\u2019association Juste Humain !<\/p>\n<p>Si vous souhaitez en savoir + sur cette derni\u00e8re, n\u2019h\u00e9sitez pas \u00e0 consulter leur site internet : <a href=\"https:\/\/www.juste-humain.fr\/\">juste-humain.fr<\/a>.<\/p>\n","protected":false},"excerpt":{"rendered":"<p>Quelles sont les raison de la cr\u00e9ation de Juste Humain ? J\u2019ai fond\u00e9 Juste Humain suite au d\u00e9c\u00e8s de ma maman d\u2019un cancer. J\u2019ai \u00e9t\u00e9 touch\u00e9e par la probl\u00e9matique de&#8230;<\/p>\n","protected":false},"author":1,"featured_media":722,"comment_status":"closed","ping_status":"open","sticky":false,"template":"","format":"standard","meta":{"_acf_changed":false,"content-type":"","inline_featured_image":false,"footnotes":""},"categories":[3,8],"tags":[53],"class_list":["post-508","post","type-post","status-publish","format-standard","has-post-thumbnail","hentry","category-blog","category-temoignages","tag-logistique"],"acf":[],"yoast_head":"<!-- This site is optimized with the Yoast SEO plugin v27.0 - https:\/\/yoast.com\/product\/yoast-seo-wordpress\/ -->\n<title>Waresito au service de l&#039;association Juste Humain - Waresito<\/title>\n<meta name=\"description\" content=\"Waresito au service de l&#039;association Juste Humain, on vous dit tout ! Waresito, sp\u00e9cialiste du stockage logistique partout en France.\" \/>\n<meta name=\"robots\" content=\"index, follow, max-snippet:-1, max-image-preview:large, max-video-preview:-1\" \/>\n<link rel=\"canonical\" href=\"https:\/\/waresito.com\/fr\/blog\/waresito-au-service-de-lassociation-juste-humain\/\" \/>\n<meta property=\"og:locale\" content=\"fr_FR\" \/>\n<meta property=\"og:type\" content=\"article\" \/>\n<meta property=\"og:title\" content=\"Waresito au service de l&#039;association Juste Humain - Waresito\" \/>\n<meta property=\"og:description\" content=\"Waresito au service de l&#039;association Juste Humain, on vous dit tout ! Waresito, sp\u00e9cialiste du stockage logistique partout en France.\" \/>\n<meta property=\"og:url\" content=\"https:\/\/waresito.com\/fr\/blog\/waresito-au-service-de-lassociation-juste-humain\/\" \/>\n<meta property=\"og:site_name\" content=\"Waresito FR\" \/>\n<meta property=\"article:published_time\" content=\"2023-03-28T14:25:09+00:00\" \/>\n<meta property=\"article:modified_time\" content=\"2024-07-10T09:21:53+00:00\" \/>\n<meta property=\"og:image\" content=\"https:\/\/waresito.com\/fr\/wp-content\/uploads\/sites\/2\/2023\/03\/Visuel-juste-humain.webp\" \/>\n\t<meta property=\"og:image:width\" content=\"960\" \/>\n\t<meta property=\"og:image:height\" content=\"540\" \/>\n\t<meta property=\"og:image:type\" content=\"image\/webp\" \/>\n<meta name=\"author\" content=\"admin\" \/>\n<meta name=\"twitter:card\" content=\"summary_large_image\" \/>\n<meta name=\"twitter:label1\" content=\"\u00c9crit par\" \/>\n\t<meta name=\"twitter:data1\" content=\"admin\" \/>\n\t<meta name=\"twitter:label2\" content=\"Dur\u00e9e de lecture estim\u00e9e\" \/>\n\t<meta name=\"twitter:data2\" content=\"4 minutes\" \/>\n<script type=\"application\/ld+json\" class=\"yoast-schema-graph\">{\"@context\":\"https:\/\/schema.org\",\"@graph\":[{\"@type\":\"Article\",\"@id\":\"https:\/\/waresito.com\/fr\/blog\/waresito-au-service-de-lassociation-juste-humain\/#article\",\"isPartOf\":{\"@id\":\"https:\/\/waresito.com\/fr\/blog\/waresito-au-service-de-lassociation-juste-humain\/\"},\"author\":{\"name\":\"admin\",\"@id\":\"https:\/\/waresito.com\/fr\/#\/schema\/person\/a530545137bd4d7916138f8b950a49f7\"},\"headline\":\"Waresito au service de l&rsquo;association Juste Humain\",\"datePublished\":\"2023-03-28T14:25:09+00:00\",\"dateModified\":\"2024-07-10T09:21:53+00:00\",\"mainEntityOfPage\":{\"@id\":\"https:\/\/waresito.com\/fr\/blog\/waresito-au-service-de-lassociation-juste-humain\/\"},\"wordCount\":679,\"image\":{\"@id\":\"https:\/\/waresito.com\/fr\/blog\/waresito-au-service-de-lassociation-juste-humain\/#primaryimage\"},\"thumbnailUrl\":\"https:\/\/waresito.com\/fr\/wp-content\/uploads\/sites\/2\/2023\/03\/Visuel-juste-humain.webp\",\"keywords\":[\"logistique\"],\"articleSection\":[\"Blog\",\"T\u00e9moignages\"],\"inLanguage\":\"fr-FR\"},{\"@type\":\"WebPage\",\"@id\":\"https:\/\/waresito.com\/fr\/blog\/waresito-au-service-de-lassociation-juste-humain\/\",\"url\":\"https:\/\/waresito.com\/fr\/blog\/waresito-au-service-de-lassociation-juste-humain\/\",\"name\":\"Waresito au service de l'association Juste Humain - Waresito\",\"isPartOf\":{\"@id\":\"https:\/\/waresito.com\/fr\/#website\"},\"primaryImageOfPage\":{\"@id\":\"https:\/\/waresito.com\/fr\/blog\/waresito-au-service-de-lassociation-juste-humain\/#primaryimage\"},\"image\":{\"@id\":\"https:\/\/waresito.com\/fr\/blog\/waresito-au-service-de-lassociation-juste-humain\/#primaryimage\"},\"thumbnailUrl\":\"https:\/\/waresito.com\/fr\/wp-content\/uploads\/sites\/2\/2023\/03\/Visuel-juste-humain.webp\",\"datePublished\":\"2023-03-28T14:25:09+00:00\",\"dateModified\":\"2024-07-10T09:21:53+00:00\",\"author\":{\"@id\":\"https:\/\/waresito.com\/fr\/#\/schema\/person\/a530545137bd4d7916138f8b950a49f7\"},\"description\":\"Waresito au service de l'association Juste Humain, on vous dit tout ! Waresito, sp\u00e9cialiste du stockage logistique partout en France.\",\"breadcrumb\":{\"@id\":\"https:\/\/waresito.com\/fr\/blog\/waresito-au-service-de-lassociation-juste-humain\/#breadcrumb\"},\"inLanguage\":\"fr-FR\",\"potentialAction\":[{\"@type\":\"ReadAction\",\"target\":[\"https:\/\/waresito.com\/fr\/blog\/waresito-au-service-de-lassociation-juste-humain\/\"]}]},{\"@type\":\"ImageObject\",\"inLanguage\":\"fr-FR\",\"@id\":\"https:\/\/waresito.com\/fr\/blog\/waresito-au-service-de-lassociation-juste-humain\/#primaryimage\",\"url\":\"https:\/\/waresito.com\/fr\/wp-content\/uploads\/sites\/2\/2023\/03\/Visuel-juste-humain.webp\",\"contentUrl\":\"https:\/\/waresito.com\/fr\/wp-content\/uploads\/sites\/2\/2023\/03\/Visuel-juste-humain.webp\",\"width\":960,\"height\":540,\"caption\":\"Visuel-\u00e9quipe juste-humain\"},{\"@type\":\"BreadcrumbList\",\"@id\":\"https:\/\/waresito.com\/fr\/blog\/waresito-au-service-de-lassociation-juste-humain\/#breadcrumb\",\"itemListElement\":[{\"@type\":\"ListItem\",\"position\":1,\"name\":\"Accueil\",\"item\":\"https:\/\/waresito.com\/fr\/\"},{\"@type\":\"ListItem\",\"position\":2,\"name\":\"Blog\",\"item\":\"https:\/\/waresito.com\/fr\/blog\/\"},{\"@type\":\"ListItem\",\"position\":3,\"name\":\"Waresito au service de l&rsquo;association Juste Humain\"}]},{\"@type\":\"WebSite\",\"@id\":\"https:\/\/waresito.com\/fr\/#website\",\"url\":\"https:\/\/waresito.com\/fr\/\",\"name\":\"Waresito\",\"description\":\"\",\"potentialAction\":[{\"@type\":\"SearchAction\",\"target\":{\"@type\":\"EntryPoint\",\"urlTemplate\":\"https:\/\/waresito.com\/fr\/?s={search_term_string}\"},\"query-input\":{\"@type\":\"PropertyValueSpecification\",\"valueRequired\":true,\"valueName\":\"search_term_string\"}}],\"inLanguage\":\"fr-FR\"},{\"@type\":\"Person\",\"@id\":\"https:\/\/waresito.com\/fr\/#\/schema\/person\/a530545137bd4d7916138f8b950a49f7\",\"name\":\"admin\",\"image\":{\"@type\":\"ImageObject\",\"inLanguage\":\"fr-FR\",\"@id\":\"https:\/\/waresito.com\/fr\/#\/schema\/person\/image\/\",\"url\":\"https:\/\/secure.gravatar.com\/avatar\/21bfde6cf110e991db0c25879c14fe52d2b0f5bdd287cf8649b3e516d9fed155?s=96&d=mm&r=g\",\"contentUrl\":\"https:\/\/secure.gravatar.com\/avatar\/21bfde6cf110e991db0c25879c14fe52d2b0f5bdd287cf8649b3e516d9fed155?s=96&d=mm&r=g\",\"caption\":\"admin\"},\"sameAs\":[\"https:\/\/localhost\/waresito\"],\"url\":\"https:\/\/waresito.com\/fr\/auteur\/admin\/\"}]}<\/script>\n<!-- \/ Yoast SEO plugin. -->","yoast_head_json":{"title":"Waresito au service de l'association Juste Humain - Waresito","description":"Waresito au service de l'association Juste Humain, on vous dit tout ! Waresito, sp\u00e9cialiste du stockage logistique partout en France.","robots":{"index":"index","follow":"follow","max-snippet":"max-snippet:-1","max-image-preview":"max-image-preview:large","max-video-preview":"max-video-preview:-1"},"canonical":"https:\/\/waresito.com\/fr\/blog\/waresito-au-service-de-lassociation-juste-humain\/","og_locale":"fr_FR","og_type":"article","og_title":"Waresito au service de l'association Juste Humain - Waresito","og_description":"Waresito au service de l'association Juste Humain, on vous dit tout ! Waresito, sp\u00e9cialiste du stockage logistique partout en France.","og_url":"https:\/\/waresito.com\/fr\/blog\/waresito-au-service-de-lassociation-juste-humain\/","og_site_name":"Waresito FR","article_published_time":"2023-03-28T14:25:09+00:00","article_modified_time":"2024-07-10T09:21:53+00:00","og_image":[{"width":960,"height":540,"url":"https:\/\/waresito.com\/fr\/wp-content\/uploads\/sites\/2\/2023\/03\/Visuel-juste-humain.webp","type":"image\/webp"}],"author":"admin","twitter_card":"summary_large_image","twitter_misc":{"\u00c9crit par":"admin","Dur\u00e9e de lecture estim\u00e9e":"4 minutes"},"schema":{"@context":"https:\/\/schema.org","@graph":[{"@type":"Article","@id":"https:\/\/waresito.com\/fr\/blog\/waresito-au-service-de-lassociation-juste-humain\/#article","isPartOf":{"@id":"https:\/\/waresito.com\/fr\/blog\/waresito-au-service-de-lassociation-juste-humain\/"},"author":{"name":"admin","@id":"https:\/\/waresito.com\/fr\/#\/schema\/person\/a530545137bd4d7916138f8b950a49f7"},"headline":"Waresito au service de l&rsquo;association Juste Humain","datePublished":"2023-03-28T14:25:09+00:00","dateModified":"2024-07-10T09:21:53+00:00","mainEntityOfPage":{"@id":"https:\/\/waresito.com\/fr\/blog\/waresito-au-service-de-lassociation-juste-humain\/"},"wordCount":679,"image":{"@id":"https:\/\/waresito.com\/fr\/blog\/waresito-au-service-de-lassociation-juste-humain\/#primaryimage"},"thumbnailUrl":"https:\/\/waresito.com\/fr\/wp-content\/uploads\/sites\/2\/2023\/03\/Visuel-juste-humain.webp","keywords":["logistique"],"articleSection":["Blog","T\u00e9moignages"],"inLanguage":"fr-FR"},{"@type":"WebPage","@id":"https:\/\/waresito.com\/fr\/blog\/waresito-au-service-de-lassociation-juste-humain\/","url":"https:\/\/waresito.com\/fr\/blog\/waresito-au-service-de-lassociation-juste-humain\/","name":"Waresito au service de l'association Juste Humain - Waresito","isPartOf":{"@id":"https:\/\/waresito.com\/fr\/#website"},"primaryImageOfPage":{"@id":"https:\/\/waresito.com\/fr\/blog\/waresito-au-service-de-lassociation-juste-humain\/#primaryimage"},"image":{"@id":"https:\/\/waresito.com\/fr\/blog\/waresito-au-service-de-lassociation-juste-humain\/#primaryimage"},"thumbnailUrl":"https:\/\/waresito.com\/fr\/wp-content\/uploads\/sites\/2\/2023\/03\/Visuel-juste-humain.webp","datePublished":"2023-03-28T14:25:09+00:00","dateModified":"2024-07-10T09:21:53+00:00","author":{"@id":"https:\/\/waresito.com\/fr\/#\/schema\/person\/a530545137bd4d7916138f8b950a49f7"},"description":"Waresito au service de l'association Juste Humain, on vous dit tout ! Waresito, sp\u00e9cialiste du stockage logistique partout en France.","breadcrumb":{"@id":"https:\/\/waresito.com\/fr\/blog\/waresito-au-service-de-lassociation-juste-humain\/#breadcrumb"},"inLanguage":"fr-FR","potentialAction":[{"@type":"ReadAction","target":["https:\/\/waresito.com\/fr\/blog\/waresito-au-service-de-lassociation-juste-humain\/"]}]},{"@type":"ImageObject","inLanguage":"fr-FR","@id":"https:\/\/waresito.com\/fr\/blog\/waresito-au-service-de-lassociation-juste-humain\/#primaryimage","url":"https:\/\/waresito.com\/fr\/wp-content\/uploads\/sites\/2\/2023\/03\/Visuel-juste-humain.webp","contentUrl":"https:\/\/waresito.com\/fr\/wp-content\/uploads\/sites\/2\/2023\/03\/Visuel-juste-humain.webp","width":960,"height":540,"caption":"Visuel-\u00e9quipe juste-humain"},{"@type":"BreadcrumbList","@id":"https:\/\/waresito.com\/fr\/blog\/waresito-au-service-de-lassociation-juste-humain\/#breadcrumb","itemListElement":[{"@type":"ListItem","position":1,"name":"Accueil","item":"https:\/\/waresito.com\/fr\/"},{"@type":"ListItem","position":2,"name":"Blog","item":"https:\/\/waresito.com\/fr\/blog\/"},{"@type":"ListItem","position":3,"name":"Waresito au service de l&rsquo;association Juste Humain"}]},{"@type":"WebSite","@id":"https:\/\/waresito.com\/fr\/#website","url":"https:\/\/waresito.com\/fr\/","name":"Waresito","description":"","potentialAction":[{"@type":"SearchAction","target":{"@type":"EntryPoint","urlTemplate":"https:\/\/waresito.com\/fr\/?s={search_term_string}"},"query-input":{"@type":"PropertyValueSpecification","valueRequired":true,"valueName":"search_term_string"}}],"inLanguage":"fr-FR"},{"@type":"Person","@id":"https:\/\/waresito.com\/fr\/#\/schema\/person\/a530545137bd4d7916138f8b950a49f7","name":"admin","image":{"@type":"ImageObject","inLanguage":"fr-FR","@id":"https:\/\/waresito.com\/fr\/#\/schema\/person\/image\/","url":"https:\/\/secure.gravatar.com\/avatar\/21bfde6cf110e991db0c25879c14fe52d2b0f5bdd287cf8649b3e516d9fed155?s=96&d=mm&r=g","contentUrl":"https:\/\/secure.gravatar.com\/avatar\/21bfde6cf110e991db0c25879c14fe52d2b0f5bdd287cf8649b3e516d9fed155?s=96&d=mm&r=g","caption":"admin"},"sameAs":["https:\/\/localhost\/waresito"],"url":"https:\/\/waresito.com\/fr\/auteur\/admin\/"}]}},"_links":{"self":[{"href":"https:\/\/waresito.com\/fr\/wp-json\/wp\/v2\/posts\/508","targetHints":{"allow":["GET"]}}],"collection":[{"href":"https:\/\/waresito.com\/fr\/wp-json\/wp\/v2\/posts"}],"about":[{"href":"https:\/\/waresito.com\/fr\/wp-json\/wp\/v2\/types\/post"}],"author":[{"embeddable":true,"href":"https:\/\/waresito.com\/fr\/wp-json\/wp\/v2\/users\/1"}],"replies":[{"embeddable":true,"href":"https:\/\/waresito.com\/fr\/wp-json\/wp\/v2\/comments?post=508"}],"version-history":[{"count":1,"href":"https:\/\/waresito.com\/fr\/wp-json\/wp\/v2\/posts\/508\/revisions"}],"predecessor-version":[{"id":509,"href":"https:\/\/waresito.com\/fr\/wp-json\/wp\/v2\/posts\/508\/revisions\/509"}],"wp:featuredmedia":[{"embeddable":true,"href":"https:\/\/waresito.com\/fr\/wp-json\/wp\/v2\/media\/722"}],"wp:attachment":[{"href":"https:\/\/waresito.com\/fr\/wp-json\/wp\/v2\/media?parent=508"}],"wp:term":[{"taxonomy":"category","embeddable":true,"href":"https:\/\/waresito.com\/fr\/wp-json\/wp\/v2\/categories?post=508"},{"taxonomy":"post_tag","embeddable":true,"href":"https:\/\/waresito.com\/fr\/wp-json\/wp\/v2\/tags?post=508"}],"curies":[{"name":"wp","href":"https:\/\/api.w.org\/{rel}","templated":true}]}}