{"id":515,"date":"2023-03-28T16:40:10","date_gmt":"2023-03-28T14:40:10","guid":{"rendered":"https:\/\/waresito.com\/fr\/?p=515"},"modified":"2025-03-06T16:45:22","modified_gmt":"2025-03-06T15:45:22","slug":"entrepots-de-commerce-et-logistique-urbaine","status":"publish","type":"post","link":"https:\/\/waresito.com\/fr\/blog\/entrepots-de-commerce-et-logistique-urbaine\/","title":{"rendered":"Entrep\u00f4ts d\u2019e-commerce et logistique urbaine"},"content":{"rendered":"<p style=\"text-align: left;\">Elles sont pour 95% d\u2019entre elles de tr\u00e8s petites entreprises. Parall\u00e8lement \u00e0 cette chute, les <strong>ventes en ligne n\u2019ont jamais eu autant de succ\u00e8s<\/strong>. Le chiffre d\u2019affaires dans le secteur a augment\u00e9 de 83% en avril 2020, mois complet o\u00f9 nous \u00e9tions confin\u00e9s.<\/p>\n<p style=\"text-align: left;\">Malheureusement, cette croissance n\u2019a pas b\u00e9n\u00e9fici\u00e9 \u00e0 l\u2019ensemble des acteurs du secteur. En effet, elle a principalement profit\u00e9 au leader mondial du commerce en ligne Amazon. Ce g\u00e9ant poss\u00e8de pr\u00e8s de 20% des parts de march\u00e9 en France. Et cela, malgr\u00e9 la fermeture de ses d\u00e9p\u00f4ts logistiques dans notre pays pendant le confinement.<\/p>\n<p style=\"text-align: left;\">Mais pour lutter contre cette domination et le d\u00e9veloppement de grandes plateformes logistiques, un groupe de 28 d\u00e9put\u00e9s ont d\u00e9pos\u00e9 un projet de loi afin de mettre en place un <strong>moratoire sur l\u2019implantation d\u2019entrep\u00f4ts d\u2019e-commerce<\/strong> pendant 2 ans.<\/p>\n<h2>Une \u00e9volution de la l\u00e9gislation vers\u00a0la logistique de proximit\u00e9<\/h2>\n<p style=\"text-align: left;\">Cette proposition de loi vise tout d\u2019abord \u00e0 <strong>prot\u00e9ger le commerce de proximit\u00e9<\/strong> face \u00e0 l\u2019essor du commerce en ligne \u00e0 l\u2019\u00e8re covid. En effet, la politique men\u00e9e par les g\u00e9ants du commerce en ligne va \u00e0 l\u2019encontre de l\u2019\u00e9conomie de proximit\u00e9, de la protection de l\u2019environnement et de la <a href=\"https:\/\/waresito.com\/fr\/blog\/comment-la-logistique-peut-elle-contribuer-a-la-reduction-de-lempreinte-carbone\/\">r\u00e9duction des \u00e9missions de gaz \u00e0 effet de serre<\/a>. Cela s\u2019explique notamment par l\u2019<strong>artificialisation des sols<\/strong>. Ce ph\u00e9nom\u00e8ne correspond au fait de transformer des espaces naturels, agricoles ou forestiers en terrains urbanis\u00e9s.<\/p>\n<p style=\"text-align: left;\">L\u2019artificialisation des sols et la construction de ces entrep\u00f4ts d\u2019e-commerce sont donc destructrices des terres agricoles et de la biodiversit\u00e9. En parall\u00e8le de l\u2019artificialisation des sols, le d\u00e9veloppement des entrep\u00f4ts e-commerce g\u00e9ants a pour effet d\u2019augmenter le trafic des poids lourds et utilitaires d\u00e9ploy\u00e9s chaque jour sur l\u2019ensemble du territoire pour acheminer les livraisons des sites e-commerce. Cette augmentation du trafic des poids lourds a un impact important sur l\u2019environnement.<\/p>\n<p style=\"text-align: left;\">Or, il est important que les <strong>avantages du commerce en ligne <\/strong><strong>se conforment aux activit\u00e9s \u00e9conomiques locales, emplois locaux et \u00e0 la protection de l\u2019environnement<\/strong>.<\/p>\n<p style=\"text-align: left;\">La nouvelle Ministre de la Transition Ecologique, Barbara Pompili a justement \u00e9voqu\u00e9 les pr\u00e9mices d\u2019une r\u00e9flexion sur ce moratoire ainsi que sur un \u00e9tat des lieux de l\u2019implantation d\u2019entrep\u00f4ts d\u2019e-commerce logistiques en France lors de sa prise de fonction, le 7 juillet dernier. L\u2019objectif de ces r\u00e9flexions serait de <strong>v\u00e9rifier l\u2019impact de ces implantations sur les cr\u00e9ations r\u00e9elles d\u2019emplois<\/strong> et le b\u00e9n\u00e9fice pour le territoire concern\u00e9.<\/p>\n<p style=\"text-align: left;\">Le Premier ministre lui-m\u00eame a indiqu\u00e9 sa volont\u00e9 de <em>\u00ab\u00a0lutter contre l\u2019artificialisation des sols\u00a0\u00bb <\/em>et pr\u00e9cis\u00e9 que les travaux allaient commencer pour mettre en \u0153uvre les propositions de la <strong>convention citoyenne pour le climat<\/strong>. Nous retrouvons notamment dans cette convention deux propositions importantes sur le sujet\u00a0:<\/p>\n<ul style=\"text-align: left;\">\n<li style=\"text-align: left;\"><em>Interdire toute artificialisation des terres tant que la r\u00e9habilitation de l\u2019existant est possible<\/em><\/li>\n<li style=\"text-align: left;\"><em>Stopper les am\u00e9nagements de zones commerciales p\u00e9riurbaines<\/em><\/li>\n<\/ul>\n<h2>Une solution simple : l&rsquo;optimisation des surfaces existantes<\/h2>\n<p>L\u2019artificialisation des sols doit se limiter. Pour cela, une solution est l\u2019<strong>optimisation des surfaces existantes<\/strong>. Donner une seconde vie \u00e0 des zones vacantes, c\u2019est d\u00e9velopper de nouvelles opportunit\u00e9s sans artificialisation. De nombreux acteurs adoptent de plus en plus cette solution\u00a0: <a href=\"https:\/\/placedelagare.sncf\/\" target=\"_blank\" rel=\"noreferrer noopener\">SNCF<\/a>, <a href=\"https:\/\/www.laposte.fr\/\" target=\"_blank\" rel=\"noreferrer noopener\">La Poste<\/a>, transporteurs, agriculteurs, logisticiens\u2026 Par exemple, les agriculteurs ayant des espaces vacants dans leurs entrep\u00f4ts agricoles, mettent en location leurs espaces disponibles.<\/p>\n<h2>La proximit\u00e9\u00a0pour d\u00e9velopper la logistique urbaine de demain<\/h2>\n<p style=\"text-align: left;\">Avec le d\u00e9veloppement du commerce en ligne, il est donc <a href=\"https:\/\/waresito.com\/fr\/blog\/e-commerce-pourquoi-louer-des-espaces-de-stockage\/\" target=\"_blank\" rel=\"noreferrer noopener\">n\u00e9cessaire de s\u2019adapter<\/a>. Les transports n\u2019ont cess\u00e9 de croitre, surchargeant les centres-villes d\u2019utilitaires ou de poids-lourds polluants et bruyants. Waresito r\u00e9pond parfaitement \u00e0 ces enjeux en proposant des micro-unit\u00e9s de stockage urbaines en plein c\u0153ur des centres-villes et \u00e0 proximit\u00e9 des march\u00e9s.<\/p>\n<p style=\"text-align: left;\">Ce ph\u00e9nom\u00e8ne est \u00e9galement europ\u00e9en puisqu\u2019en Espagne, et notamment dans les centres des grandes villes, le secteur de la logistique est celui qui a \u00e9t\u00e9 le moins touch\u00e9 par la crise du covid. Cela s\u2019explique en partie par le d\u00e9veloppement du e-commerce et la strat\u00e9gie des villes espagnoles d\u2019effectuer la logistique \u00e0 proximit\u00e9 des consommateurs.<\/p>\n<p style=\"text-align: left;\">Apr\u00e8s la Catalogne et la zone centrale autour de Madrid, les villes de S\u00e9ville, Saragosse et Valence compl\u00e8tent le classement.<\/p>\n<h2>La mutualisation des entrep\u00f4ts sous exploit\u00e9s<\/h2>\n<p style=\"text-align: left;\"><a href=\"https:\/\/waresito.com\/fr\/\">Waresito<\/a> propose \u00e9galement de <strong>mettre \u00e0 disposition les m\u00e8tres carr\u00e9s non utilis\u00e9s des entrep\u00f4ts existants<\/strong> et \u00e9vite ainsi de cr\u00e9er de nouvelles surfaces de stockage. Cela va dans le sens du moratoire et des propositions de la convention citoyenne pour le climat.<\/p>\n<p style=\"text-align: left;\">Afin de r\u00e9duire les \u00e9missions de CO2, il faut donc s\u2019implanter \u00e0 proximit\u00e9 des consommateurs, optimiser l\u2019existant et <a href=\"https:\/\/waresito.com\/fr\/blog\/quappelle-t-on-entrepot-mutualise\/\" target=\"_blank\" rel=\"noreferrer noopener\"><strong>mutualiser les espaces de stockage<\/strong><\/a>. Cela pr\u00e9sente un double avantage\u00a0:<\/p>\n<ul style=\"text-align: left;\">\n<li><em>La r\u00e9duction des d\u00e9lais de livraisons<\/em><\/li>\n<li><em>La r\u00e9duction de l\u2019impact \u00e9cologique<\/em><\/li>\n<\/ul>\n<p style=\"text-align: left;\">L\u2019artificialisation des sols doit se limiter. Pour cela, une solution est l\u2019<strong>optimisation des surfaces existantes<\/strong>. Donner une seconde vie \u00e0 des zones vacantes, c\u2019est d\u00e9velopper de nouvelles opportunit\u00e9s sans artificialisation. De nombreux acteurs adoptent de plus en plus cette solution\u00a0: <a href=\"https:\/\/placedelagare.sncf\/\" target=\"_blank\" rel=\"noreferrer noopener\">SNCF<\/a>, <a href=\"https:\/\/www.laposte.fr\/\" target=\"_blank\" rel=\"noreferrer noopener\">La Poste<\/a>, transporteurs, agriculteurs, logisticiens\u2026 Par exemple, les <a href=\"https:\/\/www.jestocke.com\/blog\/agriculteurs-transformez-vos-hangars-agricoles-vacants-en-espace-de-stockage\" target=\"_blank\" rel=\"noreferrer noopener\">agriculteurs<\/a> ayant des espaces vacants dans leurs entrep\u00f4ts agricoles, mettent en location leurs espaces disponibles.<\/p>\n","protected":false},"excerpt":{"rendered":"<p>Elles sont pour 95% d\u2019entre elles de tr\u00e8s petites entreprises. Parall\u00e8lement \u00e0 cette chute, les ventes en ligne n\u2019ont jamais eu autant de succ\u00e8s. Le chiffre d\u2019affaires dans le secteur&#8230;<\/p>\n","protected":false},"author":8,"featured_media":710,"comment_status":"closed","ping_status":"open","sticky":false,"template":"","format":"standard","meta":{"_acf_changed":false,"content-type":"","inline_featured_image":false,"footnotes":""},"categories":[3,6],"tags":[56,53],"class_list":["post-515","post","type-post","status-publish","format-standard","has-post-thumbnail","hentry","category-blog","category-logistique","tag-e-commerce","tag-logistique"],"acf":[],"yoast_head":"<!-- This site is optimized with the Yoast SEO plugin v27.0 - https:\/\/yoast.com\/product\/yoast-seo-wordpress\/ -->\n<title>Entrep\u00f4ts d\u2019e-commerce et logistique urbaine - Waresito<\/title>\n<meta name=\"description\" content=\"Mutualisation des entrep\u00f4ts inexploit\u00e9s, optimisation des surfaces existantes... D\u00e9couvrez l&#039;\u00e9volution de la logistique de proximit\u00e9 avec Waresito.\" \/>\n<meta name=\"robots\" content=\"index, follow, max-snippet:-1, max-image-preview:large, max-video-preview:-1\" \/>\n<link rel=\"canonical\" href=\"https:\/\/waresito.com\/fr\/blog\/entrepots-de-commerce-et-logistique-urbaine\/\" \/>\n<meta property=\"og:locale\" content=\"fr_FR\" \/>\n<meta property=\"og:type\" content=\"article\" \/>\n<meta property=\"og:title\" content=\"Entrep\u00f4ts d\u2019e-commerce et logistique urbaine - Waresito\" \/>\n<meta property=\"og:description\" content=\"Mutualisation des entrep\u00f4ts inexploit\u00e9s, optimisation des surfaces existantes... D\u00e9couvrez l&#039;\u00e9volution de la logistique de proximit\u00e9 avec Waresito.\" \/>\n<meta property=\"og:url\" content=\"https:\/\/waresito.com\/fr\/blog\/entrepots-de-commerce-et-logistique-urbaine\/\" \/>\n<meta property=\"og:site_name\" content=\"Waresito FR\" \/>\n<meta property=\"article:published_time\" content=\"2023-03-28T14:40:10+00:00\" \/>\n<meta property=\"article:modified_time\" content=\"2025-03-06T15:45:22+00:00\" \/>\n<meta property=\"og:image\" content=\"https:\/\/waresito.com\/fr\/wp-content\/uploads\/sites\/2\/2023\/03\/entrepot-ecommerce-logistique-urbaine-livraison-colis-dernier-kilometre-waresito-logistique-ecommerce.webp\" \/>\n\t<meta property=\"og:image:width\" content=\"1920\" \/>\n\t<meta property=\"og:image:height\" content=\"1080\" \/>\n\t<meta property=\"og:image:type\" content=\"image\/webp\" \/>\n<meta name=\"author\" content=\"Laure Courty\" \/>\n<meta name=\"twitter:card\" content=\"summary_large_image\" \/>\n<meta name=\"twitter:creator\" content=\"@anthonypenet@gmail.com\" \/>\n<meta name=\"twitter:label1\" content=\"\u00c9crit par\" \/>\n\t<meta name=\"twitter:data1\" content=\"Laure Courty\" \/>\n\t<meta name=\"twitter:label2\" content=\"Dur\u00e9e de lecture estim\u00e9e\" \/>\n\t<meta name=\"twitter:data2\" content=\"5 minutes\" \/>\n<script type=\"application\/ld+json\" class=\"yoast-schema-graph\">{\"@context\":\"https:\/\/schema.org\",\"@graph\":[{\"@type\":\"Article\",\"@id\":\"https:\/\/waresito.com\/fr\/blog\/entrepots-de-commerce-et-logistique-urbaine\/#article\",\"isPartOf\":{\"@id\":\"https:\/\/waresito.com\/fr\/blog\/entrepots-de-commerce-et-logistique-urbaine\/\"},\"author\":{\"name\":\"Laure Courty\",\"@id\":\"https:\/\/waresito.com\/fr\/#\/schema\/person\/83c27a2f3c0f898f9f9fcc2ad59628c0\"},\"headline\":\"Entrep\u00f4ts d\u2019e-commerce et logistique urbaine\",\"datePublished\":\"2023-03-28T14:40:10+00:00\",\"dateModified\":\"2025-03-06T15:45:22+00:00\",\"mainEntityOfPage\":{\"@id\":\"https:\/\/waresito.com\/fr\/blog\/entrepots-de-commerce-et-logistique-urbaine\/\"},\"wordCount\":923,\"image\":{\"@id\":\"https:\/\/waresito.com\/fr\/blog\/entrepots-de-commerce-et-logistique-urbaine\/#primaryimage\"},\"thumbnailUrl\":\"https:\/\/waresito.com\/fr\/wp-content\/uploads\/sites\/2\/2023\/03\/entrepot-ecommerce-logistique-urbaine-livraison-colis-dernier-kilometre-waresito-logistique-ecommerce.webp\",\"keywords\":[\"e-commerce\",\"logistique\"],\"articleSection\":[\"Blog\",\"Logistique\"],\"inLanguage\":\"fr-FR\"},{\"@type\":\"WebPage\",\"@id\":\"https:\/\/waresito.com\/fr\/blog\/entrepots-de-commerce-et-logistique-urbaine\/\",\"url\":\"https:\/\/waresito.com\/fr\/blog\/entrepots-de-commerce-et-logistique-urbaine\/\",\"name\":\"Entrep\u00f4ts d\u2019e-commerce et logistique urbaine - Waresito\",\"isPartOf\":{\"@id\":\"https:\/\/waresito.com\/fr\/#website\"},\"primaryImageOfPage\":{\"@id\":\"https:\/\/waresito.com\/fr\/blog\/entrepots-de-commerce-et-logistique-urbaine\/#primaryimage\"},\"image\":{\"@id\":\"https:\/\/waresito.com\/fr\/blog\/entrepots-de-commerce-et-logistique-urbaine\/#primaryimage\"},\"thumbnailUrl\":\"https:\/\/waresito.com\/fr\/wp-content\/uploads\/sites\/2\/2023\/03\/entrepot-ecommerce-logistique-urbaine-livraison-colis-dernier-kilometre-waresito-logistique-ecommerce.webp\",\"datePublished\":\"2023-03-28T14:40:10+00:00\",\"dateModified\":\"2025-03-06T15:45:22+00:00\",\"author\":{\"@id\":\"https:\/\/waresito.com\/fr\/#\/schema\/person\/83c27a2f3c0f898f9f9fcc2ad59628c0\"},\"description\":\"Mutualisation des entrep\u00f4ts inexploit\u00e9s, optimisation des surfaces existantes... D\u00e9couvrez l'\u00e9volution de la logistique de proximit\u00e9 avec Waresito.\",\"breadcrumb\":{\"@id\":\"https:\/\/waresito.com\/fr\/blog\/entrepots-de-commerce-et-logistique-urbaine\/#breadcrumb\"},\"inLanguage\":\"fr-FR\",\"potentialAction\":[{\"@type\":\"ReadAction\",\"target\":[\"https:\/\/waresito.com\/fr\/blog\/entrepots-de-commerce-et-logistique-urbaine\/\"]}]},{\"@type\":\"ImageObject\",\"inLanguage\":\"fr-FR\",\"@id\":\"https:\/\/waresito.com\/fr\/blog\/entrepots-de-commerce-et-logistique-urbaine\/#primaryimage\",\"url\":\"https:\/\/waresito.com\/fr\/wp-content\/uploads\/sites\/2\/2023\/03\/entrepot-ecommerce-logistique-urbaine-livraison-colis-dernier-kilometre-waresito-logistique-ecommerce.webp\",\"contentUrl\":\"https:\/\/waresito.com\/fr\/wp-content\/uploads\/sites\/2\/2023\/03\/entrepot-ecommerce-logistique-urbaine-livraison-colis-dernier-kilometre-waresito-logistique-ecommerce.webp\",\"width\":1920,\"height\":1080,\"caption\":\"entrepot-ecommerce-logistique-urbaine-livraison-colis-dernier-kilometre-waresito-logistique-ecommerce\"},{\"@type\":\"BreadcrumbList\",\"@id\":\"https:\/\/waresito.com\/fr\/blog\/entrepots-de-commerce-et-logistique-urbaine\/#breadcrumb\",\"itemListElement\":[{\"@type\":\"ListItem\",\"position\":1,\"name\":\"Accueil\",\"item\":\"https:\/\/waresito.com\/fr\/\"},{\"@type\":\"ListItem\",\"position\":2,\"name\":\"Blog\",\"item\":\"https:\/\/waresito.com\/fr\/blog\/\"},{\"@type\":\"ListItem\",\"position\":3,\"name\":\"Entrep\u00f4ts d\u2019e-commerce et logistique urbaine\"}]},{\"@type\":\"WebSite\",\"@id\":\"https:\/\/waresito.com\/fr\/#website\",\"url\":\"https:\/\/waresito.com\/fr\/\",\"name\":\"Waresito\",\"description\":\"\",\"potentialAction\":[{\"@type\":\"SearchAction\",\"target\":{\"@type\":\"EntryPoint\",\"urlTemplate\":\"https:\/\/waresito.com\/fr\/?s={search_term_string}\"},\"query-input\":{\"@type\":\"PropertyValueSpecification\",\"valueRequired\":true,\"valueName\":\"search_term_string\"}}],\"inLanguage\":\"fr-FR\"},{\"@type\":\"Person\",\"@id\":\"https:\/\/waresito.com\/fr\/#\/schema\/person\/83c27a2f3c0f898f9f9fcc2ad59628c0\",\"name\":\"Laure Courty\",\"image\":{\"@type\":\"ImageObject\",\"inLanguage\":\"fr-FR\",\"@id\":\"https:\/\/waresito.com\/fr\/#\/schema\/person\/image\/\",\"url\":\"https:\/\/secure.gravatar.com\/avatar\/6894b5ef2d33d8d94a153498a35f9197484602f8a841d300cdf7f90012141d7c?s=96&d=mm&r=g\",\"contentUrl\":\"https:\/\/secure.gravatar.com\/avatar\/6894b5ef2d33d8d94a153498a35f9197484602f8a841d300cdf7f90012141d7c?s=96&d=mm&r=g\",\"caption\":\"Laure Courty\"},\"sameAs\":[\"https:\/\/www.linkedin.com\/in\/laure-courty-09406678\/\",\"https:\/\/x.com\/anthonypenet@gmail.com\"],\"url\":\"https:\/\/waresito.com\/fr\/auteur\/laure-courty\/\"}]}<\/script>\n<!-- \/ Yoast SEO plugin. -->","yoast_head_json":{"title":"Entrep\u00f4ts d\u2019e-commerce et logistique urbaine - Waresito","description":"Mutualisation des entrep\u00f4ts inexploit\u00e9s, optimisation des surfaces existantes... D\u00e9couvrez l'\u00e9volution de la logistique de proximit\u00e9 avec Waresito.","robots":{"index":"index","follow":"follow","max-snippet":"max-snippet:-1","max-image-preview":"max-image-preview:large","max-video-preview":"max-video-preview:-1"},"canonical":"https:\/\/waresito.com\/fr\/blog\/entrepots-de-commerce-et-logistique-urbaine\/","og_locale":"fr_FR","og_type":"article","og_title":"Entrep\u00f4ts d\u2019e-commerce et logistique urbaine - Waresito","og_description":"Mutualisation des entrep\u00f4ts inexploit\u00e9s, optimisation des surfaces existantes... D\u00e9couvrez l'\u00e9volution de la logistique de proximit\u00e9 avec Waresito.","og_url":"https:\/\/waresito.com\/fr\/blog\/entrepots-de-commerce-et-logistique-urbaine\/","og_site_name":"Waresito FR","article_published_time":"2023-03-28T14:40:10+00:00","article_modified_time":"2025-03-06T15:45:22+00:00","og_image":[{"width":1920,"height":1080,"url":"https:\/\/waresito.com\/fr\/wp-content\/uploads\/sites\/2\/2023\/03\/entrepot-ecommerce-logistique-urbaine-livraison-colis-dernier-kilometre-waresito-logistique-ecommerce.webp","type":"image\/webp"}],"author":"Laure Courty","twitter_card":"summary_large_image","twitter_creator":"@anthonypenet@gmail.com","twitter_misc":{"\u00c9crit par":"Laure Courty","Dur\u00e9e de lecture estim\u00e9e":"5 minutes"},"schema":{"@context":"https:\/\/schema.org","@graph":[{"@type":"Article","@id":"https:\/\/waresito.com\/fr\/blog\/entrepots-de-commerce-et-logistique-urbaine\/#article","isPartOf":{"@id":"https:\/\/waresito.com\/fr\/blog\/entrepots-de-commerce-et-logistique-urbaine\/"},"author":{"name":"Laure Courty","@id":"https:\/\/waresito.com\/fr\/#\/schema\/person\/83c27a2f3c0f898f9f9fcc2ad59628c0"},"headline":"Entrep\u00f4ts d\u2019e-commerce et logistique urbaine","datePublished":"2023-03-28T14:40:10+00:00","dateModified":"2025-03-06T15:45:22+00:00","mainEntityOfPage":{"@id":"https:\/\/waresito.com\/fr\/blog\/entrepots-de-commerce-et-logistique-urbaine\/"},"wordCount":923,"image":{"@id":"https:\/\/waresito.com\/fr\/blog\/entrepots-de-commerce-et-logistique-urbaine\/#primaryimage"},"thumbnailUrl":"https:\/\/waresito.com\/fr\/wp-content\/uploads\/sites\/2\/2023\/03\/entrepot-ecommerce-logistique-urbaine-livraison-colis-dernier-kilometre-waresito-logistique-ecommerce.webp","keywords":["e-commerce","logistique"],"articleSection":["Blog","Logistique"],"inLanguage":"fr-FR"},{"@type":"WebPage","@id":"https:\/\/waresito.com\/fr\/blog\/entrepots-de-commerce-et-logistique-urbaine\/","url":"https:\/\/waresito.com\/fr\/blog\/entrepots-de-commerce-et-logistique-urbaine\/","name":"Entrep\u00f4ts d\u2019e-commerce et logistique urbaine - Waresito","isPartOf":{"@id":"https:\/\/waresito.com\/fr\/#website"},"primaryImageOfPage":{"@id":"https:\/\/waresito.com\/fr\/blog\/entrepots-de-commerce-et-logistique-urbaine\/#primaryimage"},"image":{"@id":"https:\/\/waresito.com\/fr\/blog\/entrepots-de-commerce-et-logistique-urbaine\/#primaryimage"},"thumbnailUrl":"https:\/\/waresito.com\/fr\/wp-content\/uploads\/sites\/2\/2023\/03\/entrepot-ecommerce-logistique-urbaine-livraison-colis-dernier-kilometre-waresito-logistique-ecommerce.webp","datePublished":"2023-03-28T14:40:10+00:00","dateModified":"2025-03-06T15:45:22+00:00","author":{"@id":"https:\/\/waresito.com\/fr\/#\/schema\/person\/83c27a2f3c0f898f9f9fcc2ad59628c0"},"description":"Mutualisation des entrep\u00f4ts inexploit\u00e9s, optimisation des surfaces existantes... D\u00e9couvrez l'\u00e9volution de la logistique de proximit\u00e9 avec Waresito.","breadcrumb":{"@id":"https:\/\/waresito.com\/fr\/blog\/entrepots-de-commerce-et-logistique-urbaine\/#breadcrumb"},"inLanguage":"fr-FR","potentialAction":[{"@type":"ReadAction","target":["https:\/\/waresito.com\/fr\/blog\/entrepots-de-commerce-et-logistique-urbaine\/"]}]},{"@type":"ImageObject","inLanguage":"fr-FR","@id":"https:\/\/waresito.com\/fr\/blog\/entrepots-de-commerce-et-logistique-urbaine\/#primaryimage","url":"https:\/\/waresito.com\/fr\/wp-content\/uploads\/sites\/2\/2023\/03\/entrepot-ecommerce-logistique-urbaine-livraison-colis-dernier-kilometre-waresito-logistique-ecommerce.webp","contentUrl":"https:\/\/waresito.com\/fr\/wp-content\/uploads\/sites\/2\/2023\/03\/entrepot-ecommerce-logistique-urbaine-livraison-colis-dernier-kilometre-waresito-logistique-ecommerce.webp","width":1920,"height":1080,"caption":"entrepot-ecommerce-logistique-urbaine-livraison-colis-dernier-kilometre-waresito-logistique-ecommerce"},{"@type":"BreadcrumbList","@id":"https:\/\/waresito.com\/fr\/blog\/entrepots-de-commerce-et-logistique-urbaine\/#breadcrumb","itemListElement":[{"@type":"ListItem","position":1,"name":"Accueil","item":"https:\/\/waresito.com\/fr\/"},{"@type":"ListItem","position":2,"name":"Blog","item":"https:\/\/waresito.com\/fr\/blog\/"},{"@type":"ListItem","position":3,"name":"Entrep\u00f4ts d\u2019e-commerce et logistique urbaine"}]},{"@type":"WebSite","@id":"https:\/\/waresito.com\/fr\/#website","url":"https:\/\/waresito.com\/fr\/","name":"Waresito","description":"","potentialAction":[{"@type":"SearchAction","target":{"@type":"EntryPoint","urlTemplate":"https:\/\/waresito.com\/fr\/?s={search_term_string}"},"query-input":{"@type":"PropertyValueSpecification","valueRequired":true,"valueName":"search_term_string"}}],"inLanguage":"fr-FR"},{"@type":"Person","@id":"https:\/\/waresito.com\/fr\/#\/schema\/person\/83c27a2f3c0f898f9f9fcc2ad59628c0","name":"Laure Courty","image":{"@type":"ImageObject","inLanguage":"fr-FR","@id":"https:\/\/waresito.com\/fr\/#\/schema\/person\/image\/","url":"https:\/\/secure.gravatar.com\/avatar\/6894b5ef2d33d8d94a153498a35f9197484602f8a841d300cdf7f90012141d7c?s=96&d=mm&r=g","contentUrl":"https:\/\/secure.gravatar.com\/avatar\/6894b5ef2d33d8d94a153498a35f9197484602f8a841d300cdf7f90012141d7c?s=96&d=mm&r=g","caption":"Laure Courty"},"sameAs":["https:\/\/www.linkedin.com\/in\/laure-courty-09406678\/","https:\/\/x.com\/anthonypenet@gmail.com"],"url":"https:\/\/waresito.com\/fr\/auteur\/laure-courty\/"}]}},"_links":{"self":[{"href":"https:\/\/waresito.com\/fr\/wp-json\/wp\/v2\/posts\/515","targetHints":{"allow":["GET"]}}],"collection":[{"href":"https:\/\/waresito.com\/fr\/wp-json\/wp\/v2\/posts"}],"about":[{"href":"https:\/\/waresito.com\/fr\/wp-json\/wp\/v2\/types\/post"}],"author":[{"embeddable":true,"href":"https:\/\/waresito.com\/fr\/wp-json\/wp\/v2\/users\/8"}],"replies":[{"embeddable":true,"href":"https:\/\/waresito.com\/fr\/wp-json\/wp\/v2\/comments?post=515"}],"version-history":[{"count":6,"href":"https:\/\/waresito.com\/fr\/wp-json\/wp\/v2\/posts\/515\/revisions"}],"predecessor-version":[{"id":4121,"href":"https:\/\/waresito.com\/fr\/wp-json\/wp\/v2\/posts\/515\/revisions\/4121"}],"wp:featuredmedia":[{"embeddable":true,"href":"https:\/\/waresito.com\/fr\/wp-json\/wp\/v2\/media\/710"}],"wp:attachment":[{"href":"https:\/\/waresito.com\/fr\/wp-json\/wp\/v2\/media?parent=515"}],"wp:term":[{"taxonomy":"category","embeddable":true,"href":"https:\/\/waresito.com\/fr\/wp-json\/wp\/v2\/categories?post=515"},{"taxonomy":"post_tag","embeddable":true,"href":"https:\/\/waresito.com\/fr\/wp-json\/wp\/v2\/tags?post=515"}],"curies":[{"name":"wp","href":"https:\/\/api.w.org\/{rel}","templated":true}]}}