{"id":525,"date":"2023-03-28T16:44:06","date_gmt":"2023-03-28T14:44:06","guid":{"rendered":"https:\/\/waresito.com\/fr\/?p=525"},"modified":"2025-04-28T14:51:17","modified_gmt":"2025-04-28T12:51:17","slug":"le-stockage-frigorifique-de-fruits-et-legumes","status":"publish","type":"post","link":"https:\/\/waresito.com\/fr\/blog\/le-stockage-frigorifique-de-fruits-et-legumes\/","title":{"rendered":"Le stockage frigorifique de fruits et l\u00e9gumes"},"content":{"rendered":"<h2><strong>Les diff\u00e9rents facteurs du stockage frigorifique des fruits et l\u00e9gumes<\/strong><\/h2>\n<p>Chaque fruit et l\u00e9gume poss\u00e8de sa propre \u00e9volution au cours des diff\u00e9rents stades de sa commercialisation. Cette \u00e9volution est variable selon plusieurs facteurs.<\/p>\n<h3><em>La temp\u00e9rature de stockage<\/em><\/h3>\n<p>Facteur essentiel pour la <strong>bonne conservation des fruits et l\u00e9gumes<\/strong>, la temp\u00e9rature de stockage sera \u00e0 contr\u00f4ler tr\u00e8s r\u00e9guli\u00e8rement pour \u00e9viter une maturation voire un pourrissement pr\u00e9matur\u00e9 des produits.<\/p>\n<h3><em>L\u2019hygrom\u00e9trie<\/em><\/h3>\n<p>L\u2019hygrom\u00e9trie repr\u00e9sente la teneur en eau \u00e0 l\u2019\u00e9tat de gaz de l\u2019air \u00e0 l\u2019int\u00e9rieur de l\u2019espace de stockage frigorifique. Bien que tr\u00e8s important, ce facteur de bonne conservation des fruits et l\u00e9gumes est <strong>souvent peu surveill\u00e9<\/strong>.<\/p>\n<h3><em>La ventilation de l\u2019espace de stockage<\/em><\/h3>\n<p>Une bonne ventilation va assurer une <strong>homog\u00e9n\u00e9it\u00e9 id\u00e9ale de la temp\u00e9rature<\/strong> dans tout l\u2019espace de stockage frigorifique.<\/p>\n<h3><em>La lumi\u00e8re<\/em><\/h3>\n<p>La lumi\u00e8re est elle aussi un \u00e9l\u00e9ment \u00e0 contr\u00f4ler lors du stockage frigorifique des fruits et l\u00e9gumes. En effet, elle peut \u00eatre <strong>responsable d\u2019une acc\u00e9l\u00e9ration du verdissement<\/strong> de certains produits, tels que les pommes ou les endives par exemple.<\/p>\n<h3><em>L\u2019\u00e9tat sanitaire de l\u2019espace de stockage<\/em><\/h3>\n<p>L\u2019environnement microbien peut \u00eatre une <strong>source importante de contamination<\/strong> des fruits et l\u00e9gumes, avec une acc\u00e9l\u00e9ration du d\u00e9veloppement des moisissures. Un entretien r\u00e9gulier et minutieux de l\u2019espace de stockage est donc primordial pour limiter tout risque de contamination des produits stock\u00e9s.<\/p>\n<p>&nbsp;<\/p>\n<p><a href=\"https:\/\/waresito.com\/fr\/contact-info-blog\/\"><img loading=\"lazy\" decoding=\"async\" class=\"alignnone wp-image-4388\" src=\"https:\/\/waresito.com\/fr\/wp-content\/uploads\/sites\/2\/2023\/03\/waresito-logistique-transport-haut-700x350.webp\" alt=\"logistique et transport\" width=\"800\" height=\"400\" srcset=\"https:\/\/waresito.com\/fr\/wp-content\/uploads\/sites\/2\/2023\/03\/waresito-logistique-transport-haut-700x350.webp 700w, https:\/\/waresito.com\/fr\/wp-content\/uploads\/sites\/2\/2023\/03\/waresito-logistique-transport-haut-1000x500.webp 1000w, https:\/\/waresito.com\/fr\/wp-content\/uploads\/sites\/2\/2023\/03\/waresito-logistique-transport-haut-768x384.webp 768w, https:\/\/waresito.com\/fr\/wp-content\/uploads\/sites\/2\/2023\/03\/waresito-logistique-transport-haut-1536x768.webp 1536w, https:\/\/waresito.com\/fr\/wp-content\/uploads\/sites\/2\/2023\/03\/waresito-logistique-transport-haut-2048x1024.webp 2048w, https:\/\/waresito.com\/fr\/wp-content\/uploads\/sites\/2\/2023\/03\/waresito-logistique-transport-haut-350x175.webp 350w, https:\/\/waresito.com\/fr\/wp-content\/uploads\/sites\/2\/2023\/03\/waresito-logistique-transport-haut-428x214.webp 428w\" sizes=\"auto, (max-width: 800px) 100vw, 800px\" \/><\/a><\/p>\n<p>&nbsp;<\/p>\n<h2><strong>L\u00e9gislation du stockage frigorifique des fruits et l\u00e9gumes<\/strong><\/h2>\n<p>Abrogeant la directive du Conseil du 14 juin 1993 relative \u00e0 l\u2019hygi\u00e8ne des denr\u00e9es alimentaires, le <a href=\"https:\/\/www.contactalimentaire.fr\/sites\/default\/files\/media\/file\/field_media_file\/reg2004-852rect.pdf\">r\u00e8glement CE n\u00b0852\/2004<\/a> du Parlement Europ\u00e9en est entr\u00e9 en application depuis le 1er janvier 2006. Son objectif est de <strong>d\u00e9finir les r\u00e8gles g\u00e9n\u00e9rales d\u2019hygi\u00e8ne applicables \u00e0 toutes les denr\u00e9es alimentaires pour toutes les entreprises et \u00e0 tous les stades de la cha\u00eene du froid<\/strong>. Concernant les fruits et les l\u00e9gumes, ce r\u00e8glement impose de stocker les fruits et l\u00e9gumes dans un espace de stockage frigorifique ayant une <strong>temp\u00e9rature de + 4\u00b0C<\/strong>. Plus d\u2019informations sur le stockage de produits alimentaires ici.<\/p>\n<h2><strong>Covid-19 et nouveau mode de consommation<\/strong><\/h2>\n<p>Force est de constater que la pand\u00e9mie du Covid-19 et le confinement qu\u2019il a engendr\u00e9 ont fortement influ\u00e9 sur le comportement des Fran\u00e7ais. En effet, beaucoup d\u2019entre eux ont profit\u00e9 du confinement pour <strong>revoir leurs priorit\u00e9s mais aussi leurs modes de vie et de consommation<\/strong>. Plusieurs \u00e9tudes ont d\u2019ailleurs \u00e9t\u00e9 faites pour \u00e9tudier ce ph\u00e9nom\u00e8ne.<\/p>\n<h3><em>Explosion du e-commerce pendant le confinement<\/em><\/h3>\n<p style=\"text-align: left\">On citera notamment l\u2019<strong>\u00e9tude de l\u2019Institut Nielsen r\u00e9alis\u00e9e en avril 2020<\/strong>, en pleine p\u00e9riode de confinement. Cette \u00e9tude constate que le confinement a eu pour cons\u00e9quence une v\u00e9ritable <strong>explosion du e-commerce<\/strong>, notamment pour le Drive et les livraisons \u00e0 domicile. Ces ventes ont repr\u00e9sent\u00e9 jusqu\u2019\u00e0 plus de 10 % des ventes globales certaines semaines, ce qui laisse envisager qu\u2019elles pourraient rester au-dessus des 8 % \u00e0 l\u2019avenir.<\/p>\n<p style=\"text-align: left\">Pendant la p\u00e9riode du confinement, les Fran\u00e7ais ont <strong>privil\u00e9gi\u00e9 les circuits courts<\/strong> ou de proximit\u00e9 online. De fait, <strong>plus de 80 % du e-commerce alimentaire<\/strong> s\u2019est fait par le biais des <strong>syst\u00e8mes de Drive<\/strong> propos\u00e9s d\u00e9sormais par de nombreuses enseignes.<\/p>\n<p style=\"text-align: left\">Ainsi, on a pu observer une augmentation de 150 % des ventes de produits frais en Drive, dont <strong>159 % d\u2019augmentation pour les l\u00e9gumes frais et 148 % d\u2019augmentation pour la vente des fruits frais<\/strong>.<\/p>\n<div class=\"wp-block-image img-fluid\" style=\"text-align: left\"><\/div>\n<h3><em>Une volont\u00e9 de changer radicalement les modes de consommation apr\u00e8s le confinement<\/em><\/h3>\n<p>On retiendra \u00e9galement l\u2019<a href=\"https:\/\/c-ways.com\/trendshaker-nature-3-2\">\u00e9tude de l\u2019Institut d\u2019\u00e9tudes marketing C-Ways de juin 2020<\/a>. Lors de cette \u00e9tude, les Fran\u00e7ais ont d\u00e9clar\u00e9 que le confinement avait non seulement eu des cons\u00e9quences positives sur leur vie quotidienne (r\u00e9duction du bruit et de la pollution, retour \u00e0 la nature, regain de la solidarit\u00e9, etc.) mais qu\u2019ils avaient aussi op\u00e9r\u00e9 un certain nombre de <strong>changements dans leur mode de vie<\/strong> :<\/p>\n<ul>\n<li>89 % d\u00e9clarent avoir adopt\u00e9 un mode de vie plus responsable,<\/li>\n<li>84 % reconnaissent que cette p\u00e9riode de confinement a \u00e9t\u00e9 propice \u00e0 se poser des questions sur leurs modes de vie et de consommation,<\/li>\n<li>65 % disent avoir adopt\u00e9 un mode de vie plus adapt\u00e9 \u00e0 leurs envies et \u00e0 leurs besoins.<\/li>\n<\/ul>\n<p>Maintenant que la p\u00e9riode de confinement a pris fin, 53 % d\u2019entre eux d\u00e9clarent souhaiter conserver un mode de vie plus ralenti et plus frugal et 35 % souhaitent conserver les habitudes de sous-consommation prises pendant le confinement. Enfin, 19 % disent avoir pris conscience de la futilit\u00e9 de certains achats.<\/p>\n<p>En bref, beaucoup de Fran\u00e7ais aspirent d\u00e9sormais \u00e0 vivre selon l\u2019adage \u201c Consommer moins mais consommer mieux \u201c.<\/p>\n<p>Il est donc <strong>essentiel d\u2019avoir des lieux de stockage frigorifique de fruits et l\u00e9gumes \u00e0 proximit\u00e9 des points de vente<\/strong> pour r\u00e9pondre au mieux \u00e0 la demande en tr\u00e8s forte croissance des clients.<\/p>\n<p>Sensible \u00e0 cet enjeu et \u00e0 cette \u00e9volution des mentalit\u00e9s,Waresito est parti \u00e0 la recherche d\u2019espaces de stockage frigorifique dans toute la France. Ainsi, je stocke recense aujourd\u2019hui de nombreux espaces de stockage frigorifique. C\u2019est pourquoi nous vous proposons de <strong>faire appel aux services de Waresito pour louer un espace de stockage<\/strong> adapt\u00e9 \u00e0 vos besoins et \u00e0 votre budget.<\/p>\n<h2><strong>Pourquoi faire appel \u00e0 waresito pour du stockage frigorifique ?<\/strong><\/h2>\n<p>&nbsp;<\/p>\n<p><a href=\"https:\/\/waresito.com\/fr\/contact-info-blog\/\"><img loading=\"lazy\" decoding=\"async\" class=\"alignnone wp-image-4405\" src=\"https:\/\/waresito.com\/fr\/wp-content\/uploads\/sites\/2\/2023\/03\/waresito-logistique-transport-milieu-700x350.webp\" alt=\"prestataire logistique et transport\" width=\"800\" height=\"400\" srcset=\"https:\/\/waresito.com\/fr\/wp-content\/uploads\/sites\/2\/2023\/03\/waresito-logistique-transport-milieu-700x350.webp 700w, https:\/\/waresito.com\/fr\/wp-content\/uploads\/sites\/2\/2023\/03\/waresito-logistique-transport-milieu-1000x500.webp 1000w, https:\/\/waresito.com\/fr\/wp-content\/uploads\/sites\/2\/2023\/03\/waresito-logistique-transport-milieu-768x384.webp 768w, https:\/\/waresito.com\/fr\/wp-content\/uploads\/sites\/2\/2023\/03\/waresito-logistique-transport-milieu-1536x768.webp 1536w, https:\/\/waresito.com\/fr\/wp-content\/uploads\/sites\/2\/2023\/03\/waresito-logistique-transport-milieu-2048x1024.webp 2048w, https:\/\/waresito.com\/fr\/wp-content\/uploads\/sites\/2\/2023\/03\/waresito-logistique-transport-milieu-350x175.webp 350w, https:\/\/waresito.com\/fr\/wp-content\/uploads\/sites\/2\/2023\/03\/waresito-logistique-transport-milieu-428x214.webp 428w\" sizes=\"auto, (max-width: 800px) 100vw, 800px\" \/><\/a><\/p>\n<p>&nbsp;<\/p>\n<p>Notre \u00e9quipe vous accompagne tout au long de votre recherche pour <strong>trouver l\u2019espace de stockage le plus adapt\u00e9 \u00e0 vos besoins<\/strong>.<\/p>\n<h3><em>Une flexibilit\u00e9 maximale<\/em><\/h3>\n<p>Nous vous proposons des <a href=\"https:\/\/waresito.com\/fr\/entrepots-stockage-palettes\/\"><strong>espaces de stockage temporaires dans toute la France<\/strong><\/a>. Nos propositions seront adapt\u00e9es \u00e0 vos besoins que ce soit en terme de superficie, de dur\u00e9e, de services additionnels, etc.<\/p>\n<h3><em>L\u2019impact environnemental de waresito<\/em><\/h3>\n<p>Conscient des enjeux actuels, waresito propose une solution avec un <strong>fort impact environnemental<\/strong>. En effet, en proposant des espaces de stockage dans toute la France, nous vous donnons la possibilit\u00e9 de r\u00e9duire vos co\u00fbts de transport et vos d\u00e9lais de livraison, r\u00e9duisant ainsi les \u00e9missions de CO2 produites.<\/p>\n<h3><em>L\u2019impact \u00e9conomique de je stocke<\/em><\/h3>\n<p>En proposant une solution de stockage <strong>sans engagement \u00e0 long terme<\/strong>, waresito\u00a0 a \u00e9galement un <strong>impact \u00e9conomique<\/strong> puisque cela permet de valoriser des actifs vacants. En augmentant le taux de remplissage des espaces de stockage, les co\u00fbts de stockage sont r\u00e9duits, permettant une meilleure rentabilit\u00e9 pour les entreprises.<\/p>\n<h3><em>Un service cl\u00e9 en main<\/em><\/h3>\n<p>Chez waresito, nous nous engageons \u00e0 vous proposer une <strong>solution flexible et sans engagement<\/strong>. Tous nos partenaires sont des professionnels, vous garantissant ainsi un service fiable et s\u00e9rieux. En outre, vous aurez la possibilit\u00e9 de profiter de services logistiques suppl\u00e9mentaires.<\/p>\n<h2><strong>Comment faire appel \u00e0 Waresito ?<\/strong><\/h2>\n<p>Vous \u00eates \u00e0 la recherche d\u2019un espace de stockage ? Nous sommes l\u00e0 pour vous aider !<\/p>\n<h3><em>Un accompagnement sur-mesure<\/em><\/h3>\n<p>Pour nous contacter, il suffit de remplir notre <a href=\"https:\/\/waresito.com\/fr\/contact\/\">formulaire de contact<\/a>. Dans ce formulaire, nous vous proposons de laisser vos coordonn\u00e9es ainsi qu\u2019un message o\u00f9 vous pourrez nous donner tous les d\u00e9tails sur<strong>l\u2019espace de stockage que vous recherchez<\/strong>. Une fois votre message envoy\u00e9, l\u2019un de nos conseillers vous recontactera <strong>sous 48h<\/strong> pour vous proposer les espaces de stockage les plus adapt\u00e9s \u00e0 vos besoins.<\/p>\n<h3><em>Des conditions de location flexibles<\/em><\/h3>\n<p>Tous les <strong>devis<\/strong> que nous vous proposons sont<strong> gratuits<\/strong>. Apr\u00e8s avoir s\u00e9lectionn\u00e9 le devis de votre choix, vous gardez la <strong>possibilit\u00e9 de moduler votre prestation<\/strong>, dans le cas o\u00f9 vos besoins logistiques \u00e9volueraient.<\/p>\n<h3><em>Un accompagnement de A \u00e0 Z<\/em><\/h3>\n<p>Chez waresito, nous nous engageons <strong>\u00e0 r\u00e9pondre \u00e0 tous vos besoins et \u00e0 vous accompagner<\/strong> jusqu\u2019\u00e0 la fin de la location de votre espace de stockage. Vous pourrez donc contacter nos conseillers pour \u00eatre accompagn\u00e9 sur tous les aspects de votre r\u00e9servation : recherche, devis, contrat, facturation, etc.<\/p>\n<p>&nbsp;<\/p>\n<p><a href=\"https:\/\/waresito.com\/fr\/contact-info-blog\/\"><img loading=\"lazy\" decoding=\"async\" class=\"alignnone wp-image-4397\" src=\"https:\/\/waresito.com\/fr\/wp-content\/uploads\/sites\/2\/2023\/03\/waresito-logistique-transport-bas-700x350.webp\" alt=\"logistique et transport waresito\" width=\"800\" height=\"400\" srcset=\"https:\/\/waresito.com\/fr\/wp-content\/uploads\/sites\/2\/2023\/03\/waresito-logistique-transport-bas-700x350.webp 700w, https:\/\/waresito.com\/fr\/wp-content\/uploads\/sites\/2\/2023\/03\/waresito-logistique-transport-bas-1000x500.webp 1000w, https:\/\/waresito.com\/fr\/wp-content\/uploads\/sites\/2\/2023\/03\/waresito-logistique-transport-bas-768x384.webp 768w, https:\/\/waresito.com\/fr\/wp-content\/uploads\/sites\/2\/2023\/03\/waresito-logistique-transport-bas-1536x768.webp 1536w, https:\/\/waresito.com\/fr\/wp-content\/uploads\/sites\/2\/2023\/03\/waresito-logistique-transport-bas-2048x1024.webp 2048w, https:\/\/waresito.com\/fr\/wp-content\/uploads\/sites\/2\/2023\/03\/waresito-logistique-transport-bas-350x175.webp 350w, https:\/\/waresito.com\/fr\/wp-content\/uploads\/sites\/2\/2023\/03\/waresito-logistique-transport-bas-428x214.webp 428w\" sizes=\"auto, (max-width: 800px) 100vw, 800px\" \/><\/a><\/p>\n","protected":false},"excerpt":{"rendered":"<p>Les diff\u00e9rents facteurs du stockage frigorifique des fruits et l\u00e9gumes Chaque fruit et l\u00e9gume poss\u00e8de sa propre \u00e9volution au cours des diff\u00e9rents stades de sa commercialisation. Cette \u00e9volution est variable&#8230;<\/p>\n","protected":false},"author":8,"featured_media":717,"comment_status":"closed","ping_status":"open","sticky":false,"template":"","format":"standard","meta":{"_acf_changed":false,"content-type":"","inline_featured_image":false,"footnotes":""},"categories":[3,7],"tags":[46,48],"class_list":["post-525","post","type-post","status-publish","format-standard","has-post-thumbnail","hentry","category-blog","category-stockage","tag-entreposage","tag-stocks"],"acf":[],"yoast_head":"<!-- This site is optimized with the Yoast SEO plugin v27.0 - https:\/\/yoast.com\/product\/yoast-seo-wordpress\/ -->\n<title>Le stockage frigorifique de fruits et l\u00e9gumes - Waresito<\/title>\n<meta name=\"description\" content=\"Bien comprendre le stockage frigorifique avec Waresito, sp\u00e9cialiste de l&#039;entrep\u00f4t frigorifique partout en France.\" \/>\n<meta name=\"robots\" content=\"index, follow, max-snippet:-1, max-image-preview:large, max-video-preview:-1\" \/>\n<link rel=\"canonical\" href=\"https:\/\/waresito.com\/fr\/blog\/le-stockage-frigorifique-de-fruits-et-legumes\/\" \/>\n<meta property=\"og:locale\" content=\"fr_FR\" \/>\n<meta property=\"og:type\" content=\"article\" \/>\n<meta property=\"og:title\" content=\"Le stockage frigorifique de fruits et l\u00e9gumes - Waresito\" \/>\n<meta property=\"og:description\" content=\"Bien comprendre le stockage frigorifique avec Waresito, sp\u00e9cialiste de l&#039;entrep\u00f4t frigorifique partout en France.\" \/>\n<meta property=\"og:url\" content=\"https:\/\/waresito.com\/fr\/blog\/le-stockage-frigorifique-de-fruits-et-legumes\/\" \/>\n<meta property=\"og:site_name\" content=\"Waresito FR\" \/>\n<meta property=\"article:published_time\" content=\"2023-03-28T14:44:06+00:00\" \/>\n<meta property=\"article:modified_time\" content=\"2025-04-28T12:51:17+00:00\" \/>\n<meta property=\"og:image\" content=\"https:\/\/waresito.com\/fr\/wp-content\/uploads\/sites\/2\/2023\/03\/stockage-frigorifique-fruits-et-legumes-logistique-agroalimentaire-waresito.webp\" \/>\n\t<meta property=\"og:image:width\" content=\"1920\" \/>\n\t<meta property=\"og:image:height\" content=\"1080\" \/>\n\t<meta property=\"og:image:type\" content=\"image\/webp\" \/>\n<meta name=\"author\" content=\"Laure Courty\" \/>\n<meta name=\"twitter:card\" content=\"summary_large_image\" \/>\n<meta name=\"twitter:creator\" content=\"@anthonypenet@gmail.com\" \/>\n<meta name=\"twitter:label1\" content=\"\u00c9crit par\" \/>\n\t<meta name=\"twitter:data1\" content=\"Laure Courty\" \/>\n\t<meta name=\"twitter:label2\" content=\"Dur\u00e9e de lecture estim\u00e9e\" \/>\n\t<meta name=\"twitter:data2\" content=\"8 minutes\" \/>\n<script type=\"application\/ld+json\" class=\"yoast-schema-graph\">{\"@context\":\"https:\/\/schema.org\",\"@graph\":[{\"@type\":\"Article\",\"@id\":\"https:\/\/waresito.com\/fr\/blog\/le-stockage-frigorifique-de-fruits-et-legumes\/#article\",\"isPartOf\":{\"@id\":\"https:\/\/waresito.com\/fr\/blog\/le-stockage-frigorifique-de-fruits-et-legumes\/\"},\"author\":{\"name\":\"Laure Courty\",\"@id\":\"https:\/\/waresito.com\/fr\/#\/schema\/person\/83c27a2f3c0f898f9f9fcc2ad59628c0\"},\"headline\":\"Le stockage frigorifique de fruits et l\u00e9gumes\",\"datePublished\":\"2023-03-28T14:44:06+00:00\",\"dateModified\":\"2025-04-28T12:51:17+00:00\",\"mainEntityOfPage\":{\"@id\":\"https:\/\/waresito.com\/fr\/blog\/le-stockage-frigorifique-de-fruits-et-legumes\/\"},\"wordCount\":1308,\"image\":{\"@id\":\"https:\/\/waresito.com\/fr\/blog\/le-stockage-frigorifique-de-fruits-et-legumes\/#primaryimage\"},\"thumbnailUrl\":\"https:\/\/waresito.com\/fr\/wp-content\/uploads\/sites\/2\/2023\/03\/stockage-frigorifique-fruits-et-legumes-logistique-agroalimentaire-waresito.webp\",\"keywords\":[\"entreposage\",\"stocks\"],\"articleSection\":[\"Blog\",\"Stockage\"],\"inLanguage\":\"fr-FR\"},{\"@type\":\"WebPage\",\"@id\":\"https:\/\/waresito.com\/fr\/blog\/le-stockage-frigorifique-de-fruits-et-legumes\/\",\"url\":\"https:\/\/waresito.com\/fr\/blog\/le-stockage-frigorifique-de-fruits-et-legumes\/\",\"name\":\"Le stockage frigorifique de fruits et l\u00e9gumes - Waresito\",\"isPartOf\":{\"@id\":\"https:\/\/waresito.com\/fr\/#website\"},\"primaryImageOfPage\":{\"@id\":\"https:\/\/waresito.com\/fr\/blog\/le-stockage-frigorifique-de-fruits-et-legumes\/#primaryimage\"},\"image\":{\"@id\":\"https:\/\/waresito.com\/fr\/blog\/le-stockage-frigorifique-de-fruits-et-legumes\/#primaryimage\"},\"thumbnailUrl\":\"https:\/\/waresito.com\/fr\/wp-content\/uploads\/sites\/2\/2023\/03\/stockage-frigorifique-fruits-et-legumes-logistique-agroalimentaire-waresito.webp\",\"datePublished\":\"2023-03-28T14:44:06+00:00\",\"dateModified\":\"2025-04-28T12:51:17+00:00\",\"author\":{\"@id\":\"https:\/\/waresito.com\/fr\/#\/schema\/person\/83c27a2f3c0f898f9f9fcc2ad59628c0\"},\"description\":\"Bien comprendre le stockage frigorifique avec Waresito, sp\u00e9cialiste de l'entrep\u00f4t frigorifique partout en France.\",\"breadcrumb\":{\"@id\":\"https:\/\/waresito.com\/fr\/blog\/le-stockage-frigorifique-de-fruits-et-legumes\/#breadcrumb\"},\"inLanguage\":\"fr-FR\",\"potentialAction\":[{\"@type\":\"ReadAction\",\"target\":[\"https:\/\/waresito.com\/fr\/blog\/le-stockage-frigorifique-de-fruits-et-legumes\/\"]}]},{\"@type\":\"ImageObject\",\"inLanguage\":\"fr-FR\",\"@id\":\"https:\/\/waresito.com\/fr\/blog\/le-stockage-frigorifique-de-fruits-et-legumes\/#primaryimage\",\"url\":\"https:\/\/waresito.com\/fr\/wp-content\/uploads\/sites\/2\/2023\/03\/stockage-frigorifique-fruits-et-legumes-logistique-agroalimentaire-waresito.webp\",\"contentUrl\":\"https:\/\/waresito.com\/fr\/wp-content\/uploads\/sites\/2\/2023\/03\/stockage-frigorifique-fruits-et-legumes-logistique-agroalimentaire-waresito.webp\",\"width\":1920,\"height\":1080,\"caption\":\"stockage-frigorifique-fruits-et-l\u00e9gumes-logistique-agroalimentaire-waresito\"},{\"@type\":\"BreadcrumbList\",\"@id\":\"https:\/\/waresito.com\/fr\/blog\/le-stockage-frigorifique-de-fruits-et-legumes\/#breadcrumb\",\"itemListElement\":[{\"@type\":\"ListItem\",\"position\":1,\"name\":\"Accueil\",\"item\":\"https:\/\/waresito.com\/fr\/\"},{\"@type\":\"ListItem\",\"position\":2,\"name\":\"Blog\",\"item\":\"https:\/\/waresito.com\/fr\/blog\/\"},{\"@type\":\"ListItem\",\"position\":3,\"name\":\"Le stockage frigorifique de fruits et l\u00e9gumes\"}]},{\"@type\":\"WebSite\",\"@id\":\"https:\/\/waresito.com\/fr\/#website\",\"url\":\"https:\/\/waresito.com\/fr\/\",\"name\":\"Waresito\",\"description\":\"\",\"potentialAction\":[{\"@type\":\"SearchAction\",\"target\":{\"@type\":\"EntryPoint\",\"urlTemplate\":\"https:\/\/waresito.com\/fr\/?s={search_term_string}\"},\"query-input\":{\"@type\":\"PropertyValueSpecification\",\"valueRequired\":true,\"valueName\":\"search_term_string\"}}],\"inLanguage\":\"fr-FR\"},{\"@type\":\"Person\",\"@id\":\"https:\/\/waresito.com\/fr\/#\/schema\/person\/83c27a2f3c0f898f9f9fcc2ad59628c0\",\"name\":\"Laure Courty\",\"image\":{\"@type\":\"ImageObject\",\"inLanguage\":\"fr-FR\",\"@id\":\"https:\/\/waresito.com\/fr\/#\/schema\/person\/image\/\",\"url\":\"https:\/\/secure.gravatar.com\/avatar\/6894b5ef2d33d8d94a153498a35f9197484602f8a841d300cdf7f90012141d7c?s=96&d=mm&r=g\",\"contentUrl\":\"https:\/\/secure.gravatar.com\/avatar\/6894b5ef2d33d8d94a153498a35f9197484602f8a841d300cdf7f90012141d7c?s=96&d=mm&r=g\",\"caption\":\"Laure Courty\"},\"sameAs\":[\"https:\/\/www.linkedin.com\/in\/laure-courty-09406678\/\",\"https:\/\/x.com\/anthonypenet@gmail.com\"],\"url\":\"https:\/\/waresito.com\/fr\/auteur\/laure-courty\/\"}]}<\/script>\n<!-- \/ Yoast SEO plugin. -->","yoast_head_json":{"title":"Le stockage frigorifique de fruits et l\u00e9gumes - Waresito","description":"Bien comprendre le stockage frigorifique avec Waresito, sp\u00e9cialiste de l'entrep\u00f4t frigorifique partout en France.","robots":{"index":"index","follow":"follow","max-snippet":"max-snippet:-1","max-image-preview":"max-image-preview:large","max-video-preview":"max-video-preview:-1"},"canonical":"https:\/\/waresito.com\/fr\/blog\/le-stockage-frigorifique-de-fruits-et-legumes\/","og_locale":"fr_FR","og_type":"article","og_title":"Le stockage frigorifique de fruits et l\u00e9gumes - Waresito","og_description":"Bien comprendre le stockage frigorifique avec Waresito, sp\u00e9cialiste de l'entrep\u00f4t frigorifique partout en France.","og_url":"https:\/\/waresito.com\/fr\/blog\/le-stockage-frigorifique-de-fruits-et-legumes\/","og_site_name":"Waresito FR","article_published_time":"2023-03-28T14:44:06+00:00","article_modified_time":"2025-04-28T12:51:17+00:00","og_image":[{"width":1920,"height":1080,"url":"https:\/\/waresito.com\/fr\/wp-content\/uploads\/sites\/2\/2023\/03\/stockage-frigorifique-fruits-et-legumes-logistique-agroalimentaire-waresito.webp","type":"image\/webp"}],"author":"Laure Courty","twitter_card":"summary_large_image","twitter_creator":"@anthonypenet@gmail.com","twitter_misc":{"\u00c9crit par":"Laure Courty","Dur\u00e9e de lecture estim\u00e9e":"8 minutes"},"schema":{"@context":"https:\/\/schema.org","@graph":[{"@type":"Article","@id":"https:\/\/waresito.com\/fr\/blog\/le-stockage-frigorifique-de-fruits-et-legumes\/#article","isPartOf":{"@id":"https:\/\/waresito.com\/fr\/blog\/le-stockage-frigorifique-de-fruits-et-legumes\/"},"author":{"name":"Laure Courty","@id":"https:\/\/waresito.com\/fr\/#\/schema\/person\/83c27a2f3c0f898f9f9fcc2ad59628c0"},"headline":"Le stockage frigorifique de fruits et l\u00e9gumes","datePublished":"2023-03-28T14:44:06+00:00","dateModified":"2025-04-28T12:51:17+00:00","mainEntityOfPage":{"@id":"https:\/\/waresito.com\/fr\/blog\/le-stockage-frigorifique-de-fruits-et-legumes\/"},"wordCount":1308,"image":{"@id":"https:\/\/waresito.com\/fr\/blog\/le-stockage-frigorifique-de-fruits-et-legumes\/#primaryimage"},"thumbnailUrl":"https:\/\/waresito.com\/fr\/wp-content\/uploads\/sites\/2\/2023\/03\/stockage-frigorifique-fruits-et-legumes-logistique-agroalimentaire-waresito.webp","keywords":["entreposage","stocks"],"articleSection":["Blog","Stockage"],"inLanguage":"fr-FR"},{"@type":"WebPage","@id":"https:\/\/waresito.com\/fr\/blog\/le-stockage-frigorifique-de-fruits-et-legumes\/","url":"https:\/\/waresito.com\/fr\/blog\/le-stockage-frigorifique-de-fruits-et-legumes\/","name":"Le stockage frigorifique de fruits et l\u00e9gumes - Waresito","isPartOf":{"@id":"https:\/\/waresito.com\/fr\/#website"},"primaryImageOfPage":{"@id":"https:\/\/waresito.com\/fr\/blog\/le-stockage-frigorifique-de-fruits-et-legumes\/#primaryimage"},"image":{"@id":"https:\/\/waresito.com\/fr\/blog\/le-stockage-frigorifique-de-fruits-et-legumes\/#primaryimage"},"thumbnailUrl":"https:\/\/waresito.com\/fr\/wp-content\/uploads\/sites\/2\/2023\/03\/stockage-frigorifique-fruits-et-legumes-logistique-agroalimentaire-waresito.webp","datePublished":"2023-03-28T14:44:06+00:00","dateModified":"2025-04-28T12:51:17+00:00","author":{"@id":"https:\/\/waresito.com\/fr\/#\/schema\/person\/83c27a2f3c0f898f9f9fcc2ad59628c0"},"description":"Bien comprendre le stockage frigorifique avec Waresito, sp\u00e9cialiste de l'entrep\u00f4t frigorifique partout en France.","breadcrumb":{"@id":"https:\/\/waresito.com\/fr\/blog\/le-stockage-frigorifique-de-fruits-et-legumes\/#breadcrumb"},"inLanguage":"fr-FR","potentialAction":[{"@type":"ReadAction","target":["https:\/\/waresito.com\/fr\/blog\/le-stockage-frigorifique-de-fruits-et-legumes\/"]}]},{"@type":"ImageObject","inLanguage":"fr-FR","@id":"https:\/\/waresito.com\/fr\/blog\/le-stockage-frigorifique-de-fruits-et-legumes\/#primaryimage","url":"https:\/\/waresito.com\/fr\/wp-content\/uploads\/sites\/2\/2023\/03\/stockage-frigorifique-fruits-et-legumes-logistique-agroalimentaire-waresito.webp","contentUrl":"https:\/\/waresito.com\/fr\/wp-content\/uploads\/sites\/2\/2023\/03\/stockage-frigorifique-fruits-et-legumes-logistique-agroalimentaire-waresito.webp","width":1920,"height":1080,"caption":"stockage-frigorifique-fruits-et-l\u00e9gumes-logistique-agroalimentaire-waresito"},{"@type":"BreadcrumbList","@id":"https:\/\/waresito.com\/fr\/blog\/le-stockage-frigorifique-de-fruits-et-legumes\/#breadcrumb","itemListElement":[{"@type":"ListItem","position":1,"name":"Accueil","item":"https:\/\/waresito.com\/fr\/"},{"@type":"ListItem","position":2,"name":"Blog","item":"https:\/\/waresito.com\/fr\/blog\/"},{"@type":"ListItem","position":3,"name":"Le stockage frigorifique de fruits et l\u00e9gumes"}]},{"@type":"WebSite","@id":"https:\/\/waresito.com\/fr\/#website","url":"https:\/\/waresito.com\/fr\/","name":"Waresito","description":"","potentialAction":[{"@type":"SearchAction","target":{"@type":"EntryPoint","urlTemplate":"https:\/\/waresito.com\/fr\/?s={search_term_string}"},"query-input":{"@type":"PropertyValueSpecification","valueRequired":true,"valueName":"search_term_string"}}],"inLanguage":"fr-FR"},{"@type":"Person","@id":"https:\/\/waresito.com\/fr\/#\/schema\/person\/83c27a2f3c0f898f9f9fcc2ad59628c0","name":"Laure Courty","image":{"@type":"ImageObject","inLanguage":"fr-FR","@id":"https:\/\/waresito.com\/fr\/#\/schema\/person\/image\/","url":"https:\/\/secure.gravatar.com\/avatar\/6894b5ef2d33d8d94a153498a35f9197484602f8a841d300cdf7f90012141d7c?s=96&d=mm&r=g","contentUrl":"https:\/\/secure.gravatar.com\/avatar\/6894b5ef2d33d8d94a153498a35f9197484602f8a841d300cdf7f90012141d7c?s=96&d=mm&r=g","caption":"Laure Courty"},"sameAs":["https:\/\/www.linkedin.com\/in\/laure-courty-09406678\/","https:\/\/x.com\/anthonypenet@gmail.com"],"url":"https:\/\/waresito.com\/fr\/auteur\/laure-courty\/"}]}},"_links":{"self":[{"href":"https:\/\/waresito.com\/fr\/wp-json\/wp\/v2\/posts\/525","targetHints":{"allow":["GET"]}}],"collection":[{"href":"https:\/\/waresito.com\/fr\/wp-json\/wp\/v2\/posts"}],"about":[{"href":"https:\/\/waresito.com\/fr\/wp-json\/wp\/v2\/types\/post"}],"author":[{"embeddable":true,"href":"https:\/\/waresito.com\/fr\/wp-json\/wp\/v2\/users\/8"}],"replies":[{"embeddable":true,"href":"https:\/\/waresito.com\/fr\/wp-json\/wp\/v2\/comments?post=525"}],"version-history":[{"count":9,"href":"https:\/\/waresito.com\/fr\/wp-json\/wp\/v2\/posts\/525\/revisions"}],"predecessor-version":[{"id":4484,"href":"https:\/\/waresito.com\/fr\/wp-json\/wp\/v2\/posts\/525\/revisions\/4484"}],"wp:featuredmedia":[{"embeddable":true,"href":"https:\/\/waresito.com\/fr\/wp-json\/wp\/v2\/media\/717"}],"wp:attachment":[{"href":"https:\/\/waresito.com\/fr\/wp-json\/wp\/v2\/media?parent=525"}],"wp:term":[{"taxonomy":"category","embeddable":true,"href":"https:\/\/waresito.com\/fr\/wp-json\/wp\/v2\/categories?post=525"},{"taxonomy":"post_tag","embeddable":true,"href":"https:\/\/waresito.com\/fr\/wp-json\/wp\/v2\/tags?post=525"}],"curies":[{"name":"wp","href":"https:\/\/api.w.org\/{rel}","templated":true}]}}