{"id":543,"date":"2023-03-28T16:55:15","date_gmt":"2023-03-28T14:55:15","guid":{"rendered":"https:\/\/waresito.com\/fr\/?p=543"},"modified":"2025-03-06T17:25:49","modified_gmt":"2025-03-06T16:25:49","slug":"notre-vision-un-accompagnement-sur-mesure-pour-repondre-aux-besoins-de-logistique-et-de-stockage-des-pros","status":"publish","type":"post","link":"https:\/\/waresito.com\/fr\/blog\/notre-vision-un-accompagnement-sur-mesure-pour-repondre-aux-besoins-de-logistique-et-de-stockage-des-pros\/","title":{"rendered":"Laure Courty, fondatrice de Waresito, nous partage sa vision"},"content":{"rendered":"<p>De plus en plus d\u2019entreprises font face \u00e0 des besoins de stockage temporaire ou plus long terme, et recherchent davantage de <strong>flexibilit\u00e9 et d&rsquo;agilit\u00e9<\/strong>. Quand certaines entreprises font face, elles, \u00e0 une sous-utilisation de leur capacit\u00e9 logistique (actifs vacants ou partiellement vacants) ou disposent de vacances saisonni\u00e8res. Waresito fait le lien entre l\u2019offre et la demande sur des probl\u00e9matiques de stockage et\/ou de logistique en proposant une solution gagnant-gagnant.<\/p>\n<h2>Une solution simple et efficace pour nos partenaires<\/h2>\n<p>Dans l\u2019ensemble, Waresito c\u2019est une <a href=\"https:\/\/waresito.com\/fr\/?blocs_info=devenir-partenaire-logistique\">solution pour les professionnels<\/a> de la logistique et du transport permettant de :<\/p>\n<ul>\n<li>G\u00e9n\u00e9rer des revenus compl\u00e9mentaires<\/li>\n<li>Trouver des clients qualifi\u00e9s<\/li>\n<li>Proposer des prestations logistiques compl\u00e9mentaires<\/li>\n<li>B\u00e9n\u00e9ficier d\u2019un seul point de facturation<\/li>\n<\/ul>\n<h2>Un accompagnement sur-mesure pour nos clients<\/h2>\n<ul>\n<li>Une \u00e9quipe d\u2019experts pour vous accompagner sur vos enjeux de d\u00e9bord, d&rsquo;externalisation ou de distribution<\/li>\n<li>Des offres disponibles partout en France et pour tous les secteurs d&rsquo;activit\u00e9<\/li>\n<li>Des devis <em>sur-mesure<\/em> adapt\u00e9s \u00e0 votre besoin \u00e0 des tarifs n\u00e9goci\u00e9s<\/li>\n<li>Un service offrant un maximum de flexibilit\u00e9<\/li>\n<\/ul>\n<h2>Nos solutions de logistique et de stockage pour les professionnels<\/h2>\n<p>Waresito vous propose des solutions de stockage, ainsi que des services logistiques et transport adapt\u00e9s \u00e0 vos besoins. Plus de 1 500 entrep\u00f4ts logistiques de 1 000 \u00e0 10 000 m\u00b2 disponibles partout en France. Nos experts logistiques vous conseillent pour trouver la meilleure solution d\u2019entreposage ou de stockage pour les professionnels. Ainsi, grands groupes, PME, artisans, professions lib\u00e9rales, industriels : acc\u00e9dez d\u00e8s aujourd\u2019hui au plus grand r\u00e9seau d\u2019entrep\u00f4ts logistiques fran\u00e7ais.<\/p>\n<h2>Un accompagnement aux impacts b\u00e9n\u00e9fiques sur la soci\u00e9t\u00e9<\/h2>\n<p>Enfin, Waresito propose un accompagnement b\u00e9n\u00e9fique dans plusieurs secteurs :<\/p>\n<ul>\n<li>Impact sur le secteur de la logistique en cr\u00e9ant un maximum de flexibilit\u00e9 (superficie, dur\u00e9e, rapidit\u00e9, processus ou encore services)<\/li>\n<li>Impact environnemental par la r\u00e9duction des co\u00fbts de transports, des \u00e9missions de CO2 ainsi que des d\u00e9lais de livraison<\/li>\n<li>Impact \u00e9conomique par la valorisation d\u2019actifs vacants (hausse du taux de remplissage) mais aussi par la variabilisation des co\u00fbts de stockage<\/li>\n<\/ul>\n","protected":false},"excerpt":{"rendered":"<p>De plus en plus d\u2019entreprises font face \u00e0 des besoins de stockage temporaire ou plus long terme, et recherchent davantage de flexibilit\u00e9 et d&rsquo;agilit\u00e9. Quand certaines entreprises font face, elles,&#8230;<\/p>\n","protected":false},"author":8,"featured_media":1319,"comment_status":"closed","ping_status":"open","sticky":false,"template":"","format":"standard","meta":{"_acf_changed":false,"content-type":"","inline_featured_image":false,"footnotes":""},"categories":[4,3],"tags":[53],"class_list":["post-543","post","type-post","status-publish","format-standard","has-post-thumbnail","hentry","category-actualites","category-blog","tag-logistique"],"acf":[],"yoast_head":"<!-- This site is optimized with the Yoast SEO plugin v27.0 - https:\/\/yoast.com\/product\/yoast-seo-wordpress\/ -->\n<title>Vision de Laure Courty, fondatrice - Waresito<\/title>\n<meta name=\"description\" content=\"Zoom sur la vision du stockage logistique pour les professionnels par Laure Courty, fondatrice de Waresito.\" \/>\n<meta name=\"robots\" content=\"index, follow, max-snippet:-1, max-image-preview:large, max-video-preview:-1\" \/>\n<link rel=\"canonical\" href=\"https:\/\/waresito.com\/fr\/blog\/notre-vision-un-accompagnement-sur-mesure-pour-repondre-aux-besoins-de-logistique-et-de-stockage-des-pros\/\" \/>\n<meta property=\"og:locale\" content=\"fr_FR\" \/>\n<meta property=\"og:type\" content=\"article\" \/>\n<meta property=\"og:title\" content=\"Vision de Laure Courty, fondatrice - Waresito\" \/>\n<meta property=\"og:description\" content=\"Zoom sur la vision du stockage logistique pour les professionnels par Laure Courty, fondatrice de Waresito.\" \/>\n<meta property=\"og:url\" content=\"https:\/\/waresito.com\/fr\/blog\/notre-vision-un-accompagnement-sur-mesure-pour-repondre-aux-besoins-de-logistique-et-de-stockage-des-pros\/\" \/>\n<meta property=\"og:site_name\" content=\"Waresito FR\" \/>\n<meta property=\"article:published_time\" content=\"2023-03-28T14:55:15+00:00\" \/>\n<meta property=\"article:modified_time\" content=\"2025-03-06T16:25:49+00:00\" \/>\n<meta property=\"og:image\" content=\"https:\/\/waresito.com\/fr\/wp-content\/uploads\/sites\/2\/2024\/04\/Laure-Courty-2-scaled.jpg\" \/>\n\t<meta property=\"og:image:width\" content=\"2560\" \/>\n\t<meta property=\"og:image:height\" content=\"1543\" \/>\n\t<meta property=\"og:image:type\" content=\"image\/jpeg\" \/>\n<meta name=\"author\" content=\"Laure Courty\" \/>\n<meta name=\"twitter:card\" content=\"summary_large_image\" \/>\n<meta name=\"twitter:creator\" content=\"@anthonypenet@gmail.com\" \/>\n<meta name=\"twitter:label1\" content=\"\u00c9crit par\" \/>\n\t<meta name=\"twitter:data1\" content=\"Laure Courty\" \/>\n\t<meta name=\"twitter:label2\" content=\"Dur\u00e9e de lecture estim\u00e9e\" \/>\n\t<meta name=\"twitter:data2\" content=\"2 minutes\" \/>\n<script type=\"application\/ld+json\" class=\"yoast-schema-graph\">{\"@context\":\"https:\/\/schema.org\",\"@graph\":[{\"@type\":\"Article\",\"@id\":\"https:\/\/waresito.com\/fr\/blog\/notre-vision-un-accompagnement-sur-mesure-pour-repondre-aux-besoins-de-logistique-et-de-stockage-des-pros\/#article\",\"isPartOf\":{\"@id\":\"https:\/\/waresito.com\/fr\/blog\/notre-vision-un-accompagnement-sur-mesure-pour-repondre-aux-besoins-de-logistique-et-de-stockage-des-pros\/\"},\"author\":{\"name\":\"Laure Courty\",\"@id\":\"https:\/\/waresito.com\/fr\/#\/schema\/person\/83c27a2f3c0f898f9f9fcc2ad59628c0\"},\"headline\":\"Laure Courty, fondatrice de Waresito, nous partage sa vision\",\"datePublished\":\"2023-03-28T14:55:15+00:00\",\"dateModified\":\"2025-03-06T16:25:49+00:00\",\"mainEntityOfPage\":{\"@id\":\"https:\/\/waresito.com\/fr\/blog\/notre-vision-un-accompagnement-sur-mesure-pour-repondre-aux-besoins-de-logistique-et-de-stockage-des-pros\/\"},\"wordCount\":364,\"image\":{\"@id\":\"https:\/\/waresito.com\/fr\/blog\/notre-vision-un-accompagnement-sur-mesure-pour-repondre-aux-besoins-de-logistique-et-de-stockage-des-pros\/#primaryimage\"},\"thumbnailUrl\":\"https:\/\/waresito.com\/fr\/wp-content\/uploads\/sites\/2\/2024\/04\/Laure-Courty-2-scaled.jpg\",\"keywords\":[\"logistique\"],\"articleSection\":[\"Actualit\u00e9s\",\"Blog\"],\"inLanguage\":\"fr-FR\"},{\"@type\":\"WebPage\",\"@id\":\"https:\/\/waresito.com\/fr\/blog\/notre-vision-un-accompagnement-sur-mesure-pour-repondre-aux-besoins-de-logistique-et-de-stockage-des-pros\/\",\"url\":\"https:\/\/waresito.com\/fr\/blog\/notre-vision-un-accompagnement-sur-mesure-pour-repondre-aux-besoins-de-logistique-et-de-stockage-des-pros\/\",\"name\":\"Vision de Laure Courty, fondatrice - Waresito\",\"isPartOf\":{\"@id\":\"https:\/\/waresito.com\/fr\/#website\"},\"primaryImageOfPage\":{\"@id\":\"https:\/\/waresito.com\/fr\/blog\/notre-vision-un-accompagnement-sur-mesure-pour-repondre-aux-besoins-de-logistique-et-de-stockage-des-pros\/#primaryimage\"},\"image\":{\"@id\":\"https:\/\/waresito.com\/fr\/blog\/notre-vision-un-accompagnement-sur-mesure-pour-repondre-aux-besoins-de-logistique-et-de-stockage-des-pros\/#primaryimage\"},\"thumbnailUrl\":\"https:\/\/waresito.com\/fr\/wp-content\/uploads\/sites\/2\/2024\/04\/Laure-Courty-2-scaled.jpg\",\"datePublished\":\"2023-03-28T14:55:15+00:00\",\"dateModified\":\"2025-03-06T16:25:49+00:00\",\"author\":{\"@id\":\"https:\/\/waresito.com\/fr\/#\/schema\/person\/83c27a2f3c0f898f9f9fcc2ad59628c0\"},\"description\":\"Zoom sur la vision du stockage logistique pour les professionnels par Laure Courty, fondatrice de Waresito.\",\"breadcrumb\":{\"@id\":\"https:\/\/waresito.com\/fr\/blog\/notre-vision-un-accompagnement-sur-mesure-pour-repondre-aux-besoins-de-logistique-et-de-stockage-des-pros\/#breadcrumb\"},\"inLanguage\":\"fr-FR\",\"potentialAction\":[{\"@type\":\"ReadAction\",\"target\":[\"https:\/\/waresito.com\/fr\/blog\/notre-vision-un-accompagnement-sur-mesure-pour-repondre-aux-besoins-de-logistique-et-de-stockage-des-pros\/\"]}]},{\"@type\":\"ImageObject\",\"inLanguage\":\"fr-FR\",\"@id\":\"https:\/\/waresito.com\/fr\/blog\/notre-vision-un-accompagnement-sur-mesure-pour-repondre-aux-besoins-de-logistique-et-de-stockage-des-pros\/#primaryimage\",\"url\":\"https:\/\/waresito.com\/fr\/wp-content\/uploads\/sites\/2\/2024\/04\/Laure-Courty-2-scaled.jpg\",\"contentUrl\":\"https:\/\/waresito.com\/fr\/wp-content\/uploads\/sites\/2\/2024\/04\/Laure-Courty-2-scaled.jpg\",\"width\":2560,\"height\":1543,\"caption\":\"Laure Courty - Fondatrice de Waresito - solution logistique\"},{\"@type\":\"BreadcrumbList\",\"@id\":\"https:\/\/waresito.com\/fr\/blog\/notre-vision-un-accompagnement-sur-mesure-pour-repondre-aux-besoins-de-logistique-et-de-stockage-des-pros\/#breadcrumb\",\"itemListElement\":[{\"@type\":\"ListItem\",\"position\":1,\"name\":\"Accueil\",\"item\":\"https:\/\/waresito.com\/fr\/\"},{\"@type\":\"ListItem\",\"position\":2,\"name\":\"Blog\",\"item\":\"https:\/\/waresito.com\/fr\/blog\/\"},{\"@type\":\"ListItem\",\"position\":3,\"name\":\"Laure Courty, fondatrice de Waresito, nous partage sa vision\"}]},{\"@type\":\"WebSite\",\"@id\":\"https:\/\/waresito.com\/fr\/#website\",\"url\":\"https:\/\/waresito.com\/fr\/\",\"name\":\"Waresito\",\"description\":\"\",\"potentialAction\":[{\"@type\":\"SearchAction\",\"target\":{\"@type\":\"EntryPoint\",\"urlTemplate\":\"https:\/\/waresito.com\/fr\/?s={search_term_string}\"},\"query-input\":{\"@type\":\"PropertyValueSpecification\",\"valueRequired\":true,\"valueName\":\"search_term_string\"}}],\"inLanguage\":\"fr-FR\"},{\"@type\":\"Person\",\"@id\":\"https:\/\/waresito.com\/fr\/#\/schema\/person\/83c27a2f3c0f898f9f9fcc2ad59628c0\",\"name\":\"Laure Courty\",\"image\":{\"@type\":\"ImageObject\",\"inLanguage\":\"fr-FR\",\"@id\":\"https:\/\/waresito.com\/fr\/#\/schema\/person\/image\/\",\"url\":\"https:\/\/secure.gravatar.com\/avatar\/6894b5ef2d33d8d94a153498a35f9197484602f8a841d300cdf7f90012141d7c?s=96&d=mm&r=g\",\"contentUrl\":\"https:\/\/secure.gravatar.com\/avatar\/6894b5ef2d33d8d94a153498a35f9197484602f8a841d300cdf7f90012141d7c?s=96&d=mm&r=g\",\"caption\":\"Laure Courty\"},\"sameAs\":[\"https:\/\/www.linkedin.com\/in\/laure-courty-09406678\/\",\"https:\/\/x.com\/anthonypenet@gmail.com\"],\"url\":\"https:\/\/waresito.com\/fr\/auteur\/laure-courty\/\"}]}<\/script>\n<!-- \/ Yoast SEO plugin. -->","yoast_head_json":{"title":"Vision de Laure Courty, fondatrice - Waresito","description":"Zoom sur la vision du stockage logistique pour les professionnels par Laure Courty, fondatrice de Waresito.","robots":{"index":"index","follow":"follow","max-snippet":"max-snippet:-1","max-image-preview":"max-image-preview:large","max-video-preview":"max-video-preview:-1"},"canonical":"https:\/\/waresito.com\/fr\/blog\/notre-vision-un-accompagnement-sur-mesure-pour-repondre-aux-besoins-de-logistique-et-de-stockage-des-pros\/","og_locale":"fr_FR","og_type":"article","og_title":"Vision de Laure Courty, fondatrice - Waresito","og_description":"Zoom sur la vision du stockage logistique pour les professionnels par Laure Courty, fondatrice de Waresito.","og_url":"https:\/\/waresito.com\/fr\/blog\/notre-vision-un-accompagnement-sur-mesure-pour-repondre-aux-besoins-de-logistique-et-de-stockage-des-pros\/","og_site_name":"Waresito FR","article_published_time":"2023-03-28T14:55:15+00:00","article_modified_time":"2025-03-06T16:25:49+00:00","og_image":[{"width":2560,"height":1543,"url":"https:\/\/waresito.com\/fr\/wp-content\/uploads\/sites\/2\/2024\/04\/Laure-Courty-2-scaled.jpg","type":"image\/jpeg"}],"author":"Laure Courty","twitter_card":"summary_large_image","twitter_creator":"@anthonypenet@gmail.com","twitter_misc":{"\u00c9crit par":"Laure Courty","Dur\u00e9e de lecture estim\u00e9e":"2 minutes"},"schema":{"@context":"https:\/\/schema.org","@graph":[{"@type":"Article","@id":"https:\/\/waresito.com\/fr\/blog\/notre-vision-un-accompagnement-sur-mesure-pour-repondre-aux-besoins-de-logistique-et-de-stockage-des-pros\/#article","isPartOf":{"@id":"https:\/\/waresito.com\/fr\/blog\/notre-vision-un-accompagnement-sur-mesure-pour-repondre-aux-besoins-de-logistique-et-de-stockage-des-pros\/"},"author":{"name":"Laure Courty","@id":"https:\/\/waresito.com\/fr\/#\/schema\/person\/83c27a2f3c0f898f9f9fcc2ad59628c0"},"headline":"Laure Courty, fondatrice de Waresito, nous partage sa vision","datePublished":"2023-03-28T14:55:15+00:00","dateModified":"2025-03-06T16:25:49+00:00","mainEntityOfPage":{"@id":"https:\/\/waresito.com\/fr\/blog\/notre-vision-un-accompagnement-sur-mesure-pour-repondre-aux-besoins-de-logistique-et-de-stockage-des-pros\/"},"wordCount":364,"image":{"@id":"https:\/\/waresito.com\/fr\/blog\/notre-vision-un-accompagnement-sur-mesure-pour-repondre-aux-besoins-de-logistique-et-de-stockage-des-pros\/#primaryimage"},"thumbnailUrl":"https:\/\/waresito.com\/fr\/wp-content\/uploads\/sites\/2\/2024\/04\/Laure-Courty-2-scaled.jpg","keywords":["logistique"],"articleSection":["Actualit\u00e9s","Blog"],"inLanguage":"fr-FR"},{"@type":"WebPage","@id":"https:\/\/waresito.com\/fr\/blog\/notre-vision-un-accompagnement-sur-mesure-pour-repondre-aux-besoins-de-logistique-et-de-stockage-des-pros\/","url":"https:\/\/waresito.com\/fr\/blog\/notre-vision-un-accompagnement-sur-mesure-pour-repondre-aux-besoins-de-logistique-et-de-stockage-des-pros\/","name":"Vision de Laure Courty, fondatrice - Waresito","isPartOf":{"@id":"https:\/\/waresito.com\/fr\/#website"},"primaryImageOfPage":{"@id":"https:\/\/waresito.com\/fr\/blog\/notre-vision-un-accompagnement-sur-mesure-pour-repondre-aux-besoins-de-logistique-et-de-stockage-des-pros\/#primaryimage"},"image":{"@id":"https:\/\/waresito.com\/fr\/blog\/notre-vision-un-accompagnement-sur-mesure-pour-repondre-aux-besoins-de-logistique-et-de-stockage-des-pros\/#primaryimage"},"thumbnailUrl":"https:\/\/waresito.com\/fr\/wp-content\/uploads\/sites\/2\/2024\/04\/Laure-Courty-2-scaled.jpg","datePublished":"2023-03-28T14:55:15+00:00","dateModified":"2025-03-06T16:25:49+00:00","author":{"@id":"https:\/\/waresito.com\/fr\/#\/schema\/person\/83c27a2f3c0f898f9f9fcc2ad59628c0"},"description":"Zoom sur la vision du stockage logistique pour les professionnels par Laure Courty, fondatrice de Waresito.","breadcrumb":{"@id":"https:\/\/waresito.com\/fr\/blog\/notre-vision-un-accompagnement-sur-mesure-pour-repondre-aux-besoins-de-logistique-et-de-stockage-des-pros\/#breadcrumb"},"inLanguage":"fr-FR","potentialAction":[{"@type":"ReadAction","target":["https:\/\/waresito.com\/fr\/blog\/notre-vision-un-accompagnement-sur-mesure-pour-repondre-aux-besoins-de-logistique-et-de-stockage-des-pros\/"]}]},{"@type":"ImageObject","inLanguage":"fr-FR","@id":"https:\/\/waresito.com\/fr\/blog\/notre-vision-un-accompagnement-sur-mesure-pour-repondre-aux-besoins-de-logistique-et-de-stockage-des-pros\/#primaryimage","url":"https:\/\/waresito.com\/fr\/wp-content\/uploads\/sites\/2\/2024\/04\/Laure-Courty-2-scaled.jpg","contentUrl":"https:\/\/waresito.com\/fr\/wp-content\/uploads\/sites\/2\/2024\/04\/Laure-Courty-2-scaled.jpg","width":2560,"height":1543,"caption":"Laure Courty - Fondatrice de Waresito - solution logistique"},{"@type":"BreadcrumbList","@id":"https:\/\/waresito.com\/fr\/blog\/notre-vision-un-accompagnement-sur-mesure-pour-repondre-aux-besoins-de-logistique-et-de-stockage-des-pros\/#breadcrumb","itemListElement":[{"@type":"ListItem","position":1,"name":"Accueil","item":"https:\/\/waresito.com\/fr\/"},{"@type":"ListItem","position":2,"name":"Blog","item":"https:\/\/waresito.com\/fr\/blog\/"},{"@type":"ListItem","position":3,"name":"Laure Courty, fondatrice de Waresito, nous partage sa vision"}]},{"@type":"WebSite","@id":"https:\/\/waresito.com\/fr\/#website","url":"https:\/\/waresito.com\/fr\/","name":"Waresito","description":"","potentialAction":[{"@type":"SearchAction","target":{"@type":"EntryPoint","urlTemplate":"https:\/\/waresito.com\/fr\/?s={search_term_string}"},"query-input":{"@type":"PropertyValueSpecification","valueRequired":true,"valueName":"search_term_string"}}],"inLanguage":"fr-FR"},{"@type":"Person","@id":"https:\/\/waresito.com\/fr\/#\/schema\/person\/83c27a2f3c0f898f9f9fcc2ad59628c0","name":"Laure Courty","image":{"@type":"ImageObject","inLanguage":"fr-FR","@id":"https:\/\/waresito.com\/fr\/#\/schema\/person\/image\/","url":"https:\/\/secure.gravatar.com\/avatar\/6894b5ef2d33d8d94a153498a35f9197484602f8a841d300cdf7f90012141d7c?s=96&d=mm&r=g","contentUrl":"https:\/\/secure.gravatar.com\/avatar\/6894b5ef2d33d8d94a153498a35f9197484602f8a841d300cdf7f90012141d7c?s=96&d=mm&r=g","caption":"Laure Courty"},"sameAs":["https:\/\/www.linkedin.com\/in\/laure-courty-09406678\/","https:\/\/x.com\/anthonypenet@gmail.com"],"url":"https:\/\/waresito.com\/fr\/auteur\/laure-courty\/"}]}},"_links":{"self":[{"href":"https:\/\/waresito.com\/fr\/wp-json\/wp\/v2\/posts\/543","targetHints":{"allow":["GET"]}}],"collection":[{"href":"https:\/\/waresito.com\/fr\/wp-json\/wp\/v2\/posts"}],"about":[{"href":"https:\/\/waresito.com\/fr\/wp-json\/wp\/v2\/types\/post"}],"author":[{"embeddable":true,"href":"https:\/\/waresito.com\/fr\/wp-json\/wp\/v2\/users\/8"}],"replies":[{"embeddable":true,"href":"https:\/\/waresito.com\/fr\/wp-json\/wp\/v2\/comments?post=543"}],"version-history":[{"count":10,"href":"https:\/\/waresito.com\/fr\/wp-json\/wp\/v2\/posts\/543\/revisions"}],"predecessor-version":[{"id":4170,"href":"https:\/\/waresito.com\/fr\/wp-json\/wp\/v2\/posts\/543\/revisions\/4170"}],"wp:featuredmedia":[{"embeddable":true,"href":"https:\/\/waresito.com\/fr\/wp-json\/wp\/v2\/media\/1319"}],"wp:attachment":[{"href":"https:\/\/waresito.com\/fr\/wp-json\/wp\/v2\/media?parent=543"}],"wp:term":[{"taxonomy":"category","embeddable":true,"href":"https:\/\/waresito.com\/fr\/wp-json\/wp\/v2\/categories?post=543"},{"taxonomy":"post_tag","embeddable":true,"href":"https:\/\/waresito.com\/fr\/wp-json\/wp\/v2\/tags?post=543"}],"curies":[{"name":"wp","href":"https:\/\/api.w.org\/{rel}","templated":true}]}}